{"id":9405,"date":"2024-09-26T14:23:22","date_gmt":"2024-09-26T12:23:22","guid":{"rendered":"http:\/\/gruene-schwerte.de\/?p=9405"},"modified":"2024-09-26T14:23:24","modified_gmt":"2024-09-26T12:23:24","slug":"ruecktritt-des-bundesvorstands-moeglichkeit-des-neuanfangs","status":"publish","type":"post","link":"https:\/\/gruene-schwerte.de\/index.php\/ruecktritt-des-bundesvorstands-moeglichkeit-des-neuanfangs\/","title":{"rendered":"R\u00fccktritt des Bundesvorstands: M\u00f6glichkeit des Neuanfangs"},"content":{"rendered":"\n<p>Wir nehmen mit gro\u00dfem Respekt zur Kenntnis, dass unsere Parteispitze Verantwortung \u00fcbernimmt und einen Neuanfang erm\u00f6glicht. Omid und insbesondere Ricarda mussten unter schwierigsten Bedingungen und unter gro\u00dfen pers\u00f6nlichen Anfeindungen arbeiten, in einem Klima, in dem von ganz rechts \u00fcber die Sprachrohre der Kremlpropaganda bis hin zur Union populistisch und mit wenig Anstand Gr\u00fcne zu Feinden erkl\u00e4rt und bek\u00e4mpft werden.<\/p>\n\n\n\n<p>Nach den zweifellos schlechten Wahlergebnissen in <a><\/a>diesem Jahr den Weg f\u00fcr einen Neuanfang, auch personell, freizumachen und nicht Niederlagen sch\u00f6n zu reden und ohne \u00c4nderungen weiterzumachen ist eine Tugend, die in anderen Parteien leider in Vergessenheit geraten ist.<\/p>\n\n\n\n<p>Negative Auswirkungen auf die Arbeit der Bundesregierung sehen wir nicht, die gr\u00fcnen Minister*innen werden auch in Zukunft f\u00fcr die eine gerechte Sozialpolitik, die dringend n\u00f6tige wirtschaftliche Transformation, Klimaschutz, die St\u00e4rkung von Demokratie und Gesellschaft und weitere Themen k\u00e4mpfen und arbeiten. Das ist die Aufgabe von Politik. Daran hat sich nichts ge\u00e4ndert.<\/p>\n\n\n\n<p>Ein Kommentar zu \u00c4u\u00dferungen aus der zunehmend populistischen CSU oder von rechtsextremen Parteien er\u00fcbrigt sich.<\/p>\n\n\n\n<p>Die Gr\u00fcnen in Schwerte freuen sich auf die jetzt anstehenden Diskussionen um den zuk\u00fcnftigen Kurs unserer Partei. Aus den Wahlniederlagen dieses Jahres zu lernen und Konsequenzen zu ziehen ist genau der richtige Weg. Die Bundespartei wird Antworten auf den Rechtsruck der Gesellschaft, die Stimmungsmache gegen Gr\u00fcne und die Tatsache, dass im politischen Raum zunehmend populistisch und ohne Faktenbezug diskutiert wird, finden. Unsere Themen werden zur Zeit nicht so gut wahrgenommen, das muss sich \u00e4ndern.<\/p>\n\n\n\n<p>Unsere Arbeit vor Ort in und f\u00fcr Schwerte, die sich an unseren Werten und \u00dcberzeugungen, unserem Programm und einer sachorientieren Herangehensweise ausrichtet, werden wir fortsetzen. Unsere vielen alten und neuen Mitglieder werden gemeinsam daran arbeiten, unsere Stadt fit f\u00fcr die Zukunft zu machen.<\/p>\n","protected":false},"excerpt":{"rendered":"<p>Wir nehmen mit gro\u00dfem Respekt zur Kenntnis, dass unsere Parteispitze Verantwortung \u00fcbernimmt und einen Neuanfang erm\u00f6glicht. Omid und insbesondere Ricarda mussten unter schwierigsten Bedingungen und unter gro\u00dfen pers\u00f6nlichen Anfeindungen arbeiten, [&hellip;]<\/p>\n","protected":false},"author":-1,"featured_media":0,"comment_status":"open","ping_status":"open","sticky":false,"template":"","format":"standard","meta":{"ngg_post_thumbnail":0,"_jetpack_memberships_contains_paid_content":false,"footnotes":""},"categories":[1],"tags":[],"class_list":["post-9405","post","type-post","status-publish","format-standard","hentry","category-neu_ort"],"jetpack_featured_media_url":"","jetpack_sharing_enabled":true,"_links":{"self":[{"href":"https:\/\/gruene-schwerte.de\/index.php\/wp-json\/wp\/v2\/posts\/9405","targetHints":{"allow":["GET"]}}],"collection":[{"href":"https:\/\/gruene-schwerte.de\/index.php\/wp-json\/wp\/v2\/posts"}],"about":[{"href":"https:\/\/gruene-schwerte.de\/index.php\/wp-json\/wp\/v2\/types\/post"}],"author":[{"embeddable":true,"href":"https:\/\/gruene-schwerte.de\/index.php\/wp-json\/wp\/v2\/users\/2"}],"replies":[{"embeddable":true,"href":"https:\/\/gruene-schwerte.de\/index.php\/wp-json\/wp\/v2\/comments?post=9405"}],"version-history":[{"count":1,"href":"https:\/\/gruene-schwerte.de\/index.php\/wp-json\/wp\/v2\/posts\/9405\/revisions"}],"predecessor-version":[{"id":9406,"href":"https:\/\/gruene-schwerte.de\/index.php\/wp-json\/wp\/v2\/posts\/9405\/revisions\/9406"}],"wp:attachment":[{"href":"https:\/\/gruene-schwerte.de\/index.php\/wp-json\/wp\/v2\/media?parent=9405"}],"wp:term":[{"taxonomy":"category","embeddable":true,"href":"https:\/\/gruene-schwerte.de\/index.php\/wp-json\/wp\/v2\/categories?post=9405"},{"taxonomy":"post_tag","embeddable":true,"href":"https:\/\/gruene-schwerte.de\/index.php\/wp-json\/wp\/v2\/tags?post=9405"}],"curies":[{"name":"wp","href":"https:\/\/api.w.org\/{rel}","templated":true}]}}