{"id":9176,"date":"2024-08-23T12:18:09","date_gmt":"2024-08-23T10:18:09","guid":{"rendered":"http:\/\/gruene-schwerte.de\/?p=9176"},"modified":"2024-08-23T12:20:30","modified_gmt":"2024-08-23T10:20:30","slug":"mahnwache-fuer-den-frieden-2","status":"publish","type":"post","link":"https:\/\/gruene-schwerte.de\/index.php\/mahnwache-fuer-den-frieden-2\/","title":{"rendered":"Mahnwache f\u00fcr den Frieden"},"content":{"rendered":"\n<p>Anl\u00e4sslich des russischen Einmarsches in die Ukraine&nbsp;vor&nbsp;2&nbsp;\u00bd&nbsp;Jahren&nbsp;veranstaltet der&nbsp;\u201eAktionskreis&nbsp;Mahnwache Schwerte\u201c am&nbsp;Samstag, den&nbsp;24.&nbsp;August&nbsp;auf dem Vorplatz der katholischen Kirche St. Marien (Goethestra\u00dfe 21)&nbsp;eine Mahnwache f\u00fcr den Frieden in der Welt.&nbsp;&nbsp;<\/p>\n\n\n\n<p>Neben der Situation in der Ukraine ist der zweite Schwerpunkt dieser Veranstaltung die Situation im Iran, wo Folter und Unterdr\u00fcckung, insbesondere von Frauen, an der Tagesordnung sind. &nbsp;&nbsp;<\/p>\n\n\n\n<p>Mit Wortbeitr\u00e4gen, die abwechseln mit Musikdarbietungen soll auf die jeweilige Situation im Land aufmerksam gemacht werden.&nbsp;Abschlie\u00dfend wird es eine&nbsp;Schweigeminute in Gedenken an die Opfer von Krieg, Vertreibung und Flucht geben, bevor B\u00fcrgermeister Dimitrios&nbsp;Axourgos&nbsp;das Schlusswort spricht. &nbsp;<\/p>\n\n\n\n<p>Beginn dieser ca. 1-st\u00fcndigen Mahnwache, zu der alle Schwerter B\u00fcrgerinnen und B\u00fcrger ganz herzlich eingeladen sind,&nbsp;ist um 12:30 Uhr. Bei schlechtem Wetter findet sie in der Kirche statt. &nbsp; &nbsp;&nbsp;<\/p>\n\n\n\n<p>Organisiert wird&nbsp;diese&nbsp;Mahnwache, wie bereits auch die schon stattgefundenen,&nbsp;vom&nbsp;dem B\u00fcndnis \u201eSchwerte&nbsp;gegen Rechts\u201c&nbsp;dem Arbeitskreis Asyl Schwerte,&nbsp;der Ortsgruppe von Amnesty International&nbsp;den Kirchengemeinden&nbsp;den&nbsp;demokratischen&nbsp;Parteien und dem&nbsp;Integrationsrat der Stadt Schwerte.<\/p>\n","protected":false},"excerpt":{"rendered":"<p>Anl\u00e4sslich des russischen Einmarsches in die Ukraine&nbsp;vor&nbsp;2&nbsp;\u00bd&nbsp;Jahren&nbsp;veranstaltet der&nbsp;\u201eAktionskreis&nbsp;Mahnwache Schwerte\u201c am&nbsp;Samstag, den&nbsp;24.&nbsp;August&nbsp;auf dem Vorplatz der katholischen Kirche St. Marien (Goethestra\u00dfe 21)&nbsp;eine Mahnwache f\u00fcr den Frieden in der Welt.&nbsp;&nbsp; Neben der Situation [&hellip;]<\/p>\n","protected":false},"author":-1,"featured_media":9175,"comment_status":"open","ping_status":"open","sticky":false,"template":"","format":"standard","meta":{"ngg_post_thumbnail":0,"_jetpack_memberships_contains_paid_content":false,"footnotes":""},"categories":[1],"tags":[394,339,46,335],"class_list":["post-9176","post","type-post","status-publish","format-standard","has-post-thumbnail","hentry","category-neu_ort","tag-iran","tag-mahnwache","tag-schwerte","tag-ukraine"],"jetpack_featured_media_url":"https:\/\/gruene-schwerte.de\/wp-content\/uploads\/2024\/08\/WhatsApp-Image-2024-07-12-at-08.53.03.jpeg","jetpack_sharing_enabled":true,"_links":{"self":[{"href":"https:\/\/gruene-schwerte.de\/index.php\/wp-json\/wp\/v2\/posts\/9176","targetHints":{"allow":["GET"]}}],"collection":[{"href":"https:\/\/gruene-schwerte.de\/index.php\/wp-json\/wp\/v2\/posts"}],"about":[{"href":"https:\/\/gruene-schwerte.de\/index.php\/wp-json\/wp\/v2\/types\/post"}],"author":[{"embeddable":true,"href":"https:\/\/gruene-schwerte.de\/index.php\/wp-json\/wp\/v2\/users\/2"}],"replies":[{"embeddable":true,"href":"https:\/\/gruene-schwerte.de\/index.php\/wp-json\/wp\/v2\/comments?post=9176"}],"version-history":[{"count":1,"href":"https:\/\/gruene-schwerte.de\/index.php\/wp-json\/wp\/v2\/posts\/9176\/revisions"}],"predecessor-version":[{"id":9177,"href":"https:\/\/gruene-schwerte.de\/index.php\/wp-json\/wp\/v2\/posts\/9176\/revisions\/9177"}],"wp:featuredmedia":[{"embeddable":true,"href":"https:\/\/gruene-schwerte.de\/index.php\/wp-json\/wp\/v2\/media\/9175"}],"wp:attachment":[{"href":"https:\/\/gruene-schwerte.de\/index.php\/wp-json\/wp\/v2\/media?parent=9176"}],"wp:term":[{"taxonomy":"category","embeddable":true,"href":"https:\/\/gruene-schwerte.de\/index.php\/wp-json\/wp\/v2\/categories?post=9176"},{"taxonomy":"post_tag","embeddable":true,"href":"https:\/\/gruene-schwerte.de\/index.php\/wp-json\/wp\/v2\/tags?post=9176"}],"curies":[{"name":"wp","href":"https:\/\/api.w.org\/{rel}","templated":true}]}}