{"id":9127,"date":"2024-07-04T17:28:21","date_gmt":"2024-07-04T15:28:21","guid":{"rendered":"http:\/\/gruene-schwerte.de\/?p=9127"},"modified":"2024-07-04T17:28:26","modified_gmt":"2024-07-04T15:28:26","slug":"im-gespraech-mit-der-tafel","status":"publish","type":"post","link":"https:\/\/gruene-schwerte.de\/index.php\/im-gespraech-mit-der-tafel\/","title":{"rendered":"Im Gespr\u00e4ch mit der Tafel"},"content":{"rendered":"\n<p>Am Freitag haben wir die Schwerter Tafel in der Ostenstra\u00dfe besucht und uns \u00fcber die aktuelle Situation, Herausforderungen und L\u00f6sungen f\u00fcr die dr\u00e4ngendsten Probleme unterhalten.<\/p>\n\n\n\n<p>Auch wenn die Tafeln nur die Symptome von Armut und fehlender gesellschaftlicher Teilhabe bek\u00e4mpfen k\u00f6nnen, sind sie n\u00f6tiger denn je. Etwa 630 Kund*innen, neben Familien auch Rentner*innen und Gefl\u00fcchtete, nutzen das Angebot. Neben hauptamlichen Mitarbeiter*innen sind es auch Ehrenamtliche, die daf\u00fcr sorgen, dass Menschen g\u00fcnstig an Lebensmittel, eine warme Mahlzeit und soziale Kontakte kommen &#8211; Beratung und Begleitung im Umgang mit Beh\u00f6rden und zur Aufnahme einer Arbeit inklusive.<\/p>\n\n\n\n<p>Die Tafel sucht nicht nur helfende H\u00e4nde, insbesondere Menschen, die gespendete Lebensmittel abholen. In den letzten Jahren ist auch die Spendenbereitschaft im Lebensmitteleinzelhandel zur\u00fcckgegangen, viele Angebote h\u00e4ngen zudem an privaten Geldspenden, die starken Schwankungen unterliegen. Hier werden wir uns weiter f\u00fcr eine verl\u00e4ssliche Finanzierung einsetzen. Auch die Verkehrssituation vor der Tafel muss angegangen werden. Hier k\u00f6nnen Politik und Verwaltung direkt eine Verbesserung herbeif\u00fchren.<\/p>\n\n\n\n<p>Wir danken f\u00fcr den offenen Austausch!<\/p>\n\n\n\n<p>F\u00fcr die Tafel kann hier direkt gespendet werden:<br>Schwerter Tafel S.I.G.N.A.L. gGmbH<br>IBAN: DE19 4405 0199 0841 2267 55<br>BIC: DORTDE33XXX<br>Verwendungszweck: Spende Schwerter Tafel<br>F\u00fcr die Ausstellung einer Spendenquittung wird um Namen und Anschrift gebeten.<\/p>\n","protected":false},"excerpt":{"rendered":"<p>Am Freitag haben wir die Schwerter Tafel in der Ostenstra\u00dfe besucht und uns \u00fcber die aktuelle Situation, Herausforderungen und L\u00f6sungen f\u00fcr die dr\u00e4ngendsten Probleme unterhalten. Auch wenn die Tafeln nur [&hellip;]<\/p>\n","protected":false},"author":-1,"featured_media":9128,"comment_status":"open","ping_status":"open","sticky":false,"template":"","format":"standard","meta":{"ngg_post_thumbnail":0,"_jetpack_memberships_contains_paid_content":false,"footnotes":""},"categories":[1,3],"tags":[492,85,493,46,491],"class_list":["post-9127","post","type-post","status-publish","format-standard","has-post-thumbnail","hentry","category-neu_ort","category-neu_rat","tag-armut","tag-ehrenamt","tag-lebensmittel","tag-schwerte","tag-tafel"],"jetpack_featured_media_url":"https:\/\/gruene-schwerte.de\/wp-content\/uploads\/2024\/07\/image-20240623-211756-4331.jpeg","jetpack_sharing_enabled":true,"_links":{"self":[{"href":"https:\/\/gruene-schwerte.de\/index.php\/wp-json\/wp\/v2\/posts\/9127","targetHints":{"allow":["GET"]}}],"collection":[{"href":"https:\/\/gruene-schwerte.de\/index.php\/wp-json\/wp\/v2\/posts"}],"about":[{"href":"https:\/\/gruene-schwerte.de\/index.php\/wp-json\/wp\/v2\/types\/post"}],"author":[{"embeddable":true,"href":"https:\/\/gruene-schwerte.de\/index.php\/wp-json\/wp\/v2\/users\/2"}],"replies":[{"embeddable":true,"href":"https:\/\/gruene-schwerte.de\/index.php\/wp-json\/wp\/v2\/comments?post=9127"}],"version-history":[{"count":1,"href":"https:\/\/gruene-schwerte.de\/index.php\/wp-json\/wp\/v2\/posts\/9127\/revisions"}],"predecessor-version":[{"id":9129,"href":"https:\/\/gruene-schwerte.de\/index.php\/wp-json\/wp\/v2\/posts\/9127\/revisions\/9129"}],"wp:featuredmedia":[{"embeddable":true,"href":"https:\/\/gruene-schwerte.de\/index.php\/wp-json\/wp\/v2\/media\/9128"}],"wp:attachment":[{"href":"https:\/\/gruene-schwerte.de\/index.php\/wp-json\/wp\/v2\/media?parent=9127"}],"wp:term":[{"taxonomy":"category","embeddable":true,"href":"https:\/\/gruene-schwerte.de\/index.php\/wp-json\/wp\/v2\/categories?post=9127"},{"taxonomy":"post_tag","embeddable":true,"href":"https:\/\/gruene-schwerte.de\/index.php\/wp-json\/wp\/v2\/tags?post=9127"}],"curies":[{"name":"wp","href":"https:\/\/api.w.org\/{rel}","templated":true}]}}