{"id":8851,"date":"2024-06-10T11:05:03","date_gmt":"2024-06-10T09:05:03","guid":{"rendered":"http:\/\/gruene-schwerte.de\/?p=8851"},"modified":"2024-06-12T11:08:08","modified_gmt":"2024-06-12T09:08:08","slug":"gruene-schwerte-zur-europawahl-2024","status":"publish","type":"post","link":"https:\/\/gruene-schwerte.de\/index.php\/gruene-schwerte-zur-europawahl-2024\/","title":{"rendered":"Gr\u00fcne Schwerte zur Europawahl 2024"},"content":{"rendered":"\n<p>Das Wahlergebnis der Europawahl ist entt\u00e4uschend f\u00fcr unsere Gr\u00fcne Partei, best\u00fcrzend f\u00fcr unser Land und besorgniserregend f\u00fcr Europa. Die Verluste treffen uns hart, weil wir \u00fcberzeugt sind, dass Klimaschutz, eine humanit\u00e4re und soziale Politik und die St\u00e4rkung unserer demokratischen Institutionen wichtiger sind denn je \u2013 f\u00fcr Europa, f\u00fcr unser Land und f\u00fcr unsere Stadt. Wir wollten mehr erreichen: Daher ist es nur ein schwacher Trost f\u00fcr uns Schwerter Gr\u00fcnen, dass wir etwas besser abgeschnitten haben als im bundesweiten Durchschnitt.<\/p>\n\n\n\n<p>Viel mehr sind wir ersch\u00fcttert vom Rechtsruck in Europa, der unsere offene Gesellschaft und unsere rechtsstaatlichen Prinzipien gef\u00e4hrdet: Wir brauchen nur an die fr\u00fchere Regierung in Polen, die aktuellen Regierungen in Ungarn und Italien und an die zuk\u00fcnftige in den Niederlanden zu denken. Wozu Nationalismus f\u00fchren kann, d\u00fcrfen wir in Deutschland nie vergessen. In Schwerte sind \u2013 wie in vielen anderen deutschen St\u00e4dten \u2013 tausende Menschen unter dem Motto \u201eNie wieder ist jetzt!\u201c auf die Stra\u00dfen gegangen: Dennoch wurde jede achte Stimme in Schwerte f\u00fcr die AfD abgegeben.<\/p>\n\n\n\n<p>Wir Gr\u00fcne wollen und k\u00f6nnen das nicht hinnehmen. Wir werden das Wahlergebnis als Herausforderung nehmen, uns noch engagierter f\u00fcr eine lebenswerte und zukunftsf\u00e4hige Gesellschaft einzusetzen \u2013 lokal und kontinental.<\/p>\n\n\n\n<p>Marco Sorg, Fraktionssprecher der Fraktion Die Gr\u00fcnen im Stadtrat<\/p>\n","protected":false},"excerpt":{"rendered":"<p>Das Wahlergebnis der Europawahl ist entt\u00e4uschend f\u00fcr unsere Gr\u00fcne Partei, best\u00fcrzend f\u00fcr unser Land und besorgniserregend f\u00fcr Europa. Die Verluste treffen uns hart, weil wir \u00fcberzeugt sind, dass Klimaschutz, eine [&hellip;]<\/p>\n","protected":false},"author":-1,"featured_media":7203,"comment_status":"open","ping_status":"open","sticky":false,"template":"","format":"standard","meta":{"ngg_post_thumbnail":0,"_jetpack_memberships_contains_paid_content":false,"footnotes":""},"categories":[487,1,3],"tags":[],"class_list":["post-8851","post","type-post","status-publish","format-standard","has-post-thumbnail","hentry","category-europawahl","category-neu_ort","category-neu_rat"],"jetpack_featured_media_url":"https:\/\/gruene-schwerte.de\/wp-content\/uploads\/2023\/03\/sharepic-2.jpg","jetpack_sharing_enabled":true,"_links":{"self":[{"href":"https:\/\/gruene-schwerte.de\/index.php\/wp-json\/wp\/v2\/posts\/8851","targetHints":{"allow":["GET"]}}],"collection":[{"href":"https:\/\/gruene-schwerte.de\/index.php\/wp-json\/wp\/v2\/posts"}],"about":[{"href":"https:\/\/gruene-schwerte.de\/index.php\/wp-json\/wp\/v2\/types\/post"}],"author":[{"embeddable":true,"href":"https:\/\/gruene-schwerte.de\/index.php\/wp-json\/wp\/v2\/users\/2"}],"replies":[{"embeddable":true,"href":"https:\/\/gruene-schwerte.de\/index.php\/wp-json\/wp\/v2\/comments?post=8851"}],"version-history":[{"count":1,"href":"https:\/\/gruene-schwerte.de\/index.php\/wp-json\/wp\/v2\/posts\/8851\/revisions"}],"predecessor-version":[{"id":8852,"href":"https:\/\/gruene-schwerte.de\/index.php\/wp-json\/wp\/v2\/posts\/8851\/revisions\/8852"}],"wp:featuredmedia":[{"embeddable":true,"href":"https:\/\/gruene-schwerte.de\/index.php\/wp-json\/wp\/v2\/media\/7203"}],"wp:attachment":[{"href":"https:\/\/gruene-schwerte.de\/index.php\/wp-json\/wp\/v2\/media?parent=8851"}],"wp:term":[{"taxonomy":"category","embeddable":true,"href":"https:\/\/gruene-schwerte.de\/index.php\/wp-json\/wp\/v2\/categories?post=8851"},{"taxonomy":"post_tag","embeddable":true,"href":"https:\/\/gruene-schwerte.de\/index.php\/wp-json\/wp\/v2\/tags?post=8851"}],"curies":[{"name":"wp","href":"https:\/\/api.w.org\/{rel}","templated":true}]}}