{"id":8390,"date":"2024-05-08T08:00:00","date_gmt":"2024-05-08T06:00:00","guid":{"rendered":"http:\/\/gruene-schwerte.de\/?p=8390"},"modified":"2024-05-08T19:21:10","modified_gmt":"2024-05-08T17:21:10","slug":"zum-8-mai-2","status":"publish","type":"post","link":"https:\/\/gruene-schwerte.de\/index.php\/zum-8-mai-2\/","title":{"rendered":"Zum 8. Mai"},"content":{"rendered":"\n<p>Am 8. Mai 1945 endete der zweite Weltkrieg in Europa mit der bedingungslosen Kapitulation der deutschen Wehrmacht. Er symbolisiert den Zusammenbruch der nationalsozialistischen Diktatur, das Ende der zw\u00f6lfj\u00e4hrigen Schreckensherrschaft, die 1933 begann und Millionen von Menschen das Leben kostete.<\/p>\n\n\n\n<p>Unsere Verantwortung, es nie wieder dazu kommen zu lassen, ist vielleicht noch nie so deutlich sichtbar gewesen wie jetzt. Die Bedrohung durch die geistigen Nachfolger der <a><\/a>NS-Diktatur ist akut und real.<\/p>\n\n\n\n<p>Wir rufen euch deshalb dazu auf, heute um 17 Uhr an der Gedenkfeier zum 8. Mai an der Gedenkst\u00e4tte Au\u00dfenstelle KZ Buchenwald im ehemaligen Eisenbahnausbesserungswerk, Emil-Rohrmann-Stra\u00dfe 1b, in Schwerte teilzunehmen, die wie jedes Jahr vom KuWeBe organisiert wird.<\/p>\n","protected":false},"excerpt":{"rendered":"<p>Am 8. Mai 1945 endete der zweite Weltkrieg in Europa mit der bedingungslosen Kapitulation der deutschen Wehrmacht. Er symbolisiert den Zusammenbruch der nationalsozialistischen Diktatur, das Ende der zw\u00f6lfj\u00e4hrigen Schreckensherrschaft, die [&hellip;]<\/p>\n","protected":false},"author":-1,"featured_media":8391,"comment_status":"open","ping_status":"open","sticky":false,"template":"","format":"standard","meta":{"ngg_post_thumbnail":0,"_jetpack_memberships_contains_paid_content":false,"footnotes":""},"categories":[1],"tags":[153,462,152,46],"class_list":["post-8390","post","type-post","status-publish","format-standard","has-post-thumbnail","hentry","category-neu_ort","tag-befreiung","tag-demokratie","tag-gedenktag","tag-schwerte"],"jetpack_featured_media_url":"https:\/\/gruene-schwerte.de\/wp-content\/uploads\/2024\/05\/441454277_765649439077191_1949328576174145668_n.jpg","jetpack_sharing_enabled":true,"_links":{"self":[{"href":"https:\/\/gruene-schwerte.de\/index.php\/wp-json\/wp\/v2\/posts\/8390","targetHints":{"allow":["GET"]}}],"collection":[{"href":"https:\/\/gruene-schwerte.de\/index.php\/wp-json\/wp\/v2\/posts"}],"about":[{"href":"https:\/\/gruene-schwerte.de\/index.php\/wp-json\/wp\/v2\/types\/post"}],"author":[{"embeddable":true,"href":"https:\/\/gruene-schwerte.de\/index.php\/wp-json\/wp\/v2\/users\/2"}],"replies":[{"embeddable":true,"href":"https:\/\/gruene-schwerte.de\/index.php\/wp-json\/wp\/v2\/comments?post=8390"}],"version-history":[{"count":1,"href":"https:\/\/gruene-schwerte.de\/index.php\/wp-json\/wp\/v2\/posts\/8390\/revisions"}],"predecessor-version":[{"id":8392,"href":"https:\/\/gruene-schwerte.de\/index.php\/wp-json\/wp\/v2\/posts\/8390\/revisions\/8392"}],"wp:featuredmedia":[{"embeddable":true,"href":"https:\/\/gruene-schwerte.de\/index.php\/wp-json\/wp\/v2\/media\/8391"}],"wp:attachment":[{"href":"https:\/\/gruene-schwerte.de\/index.php\/wp-json\/wp\/v2\/media?parent=8390"}],"wp:term":[{"taxonomy":"category","embeddable":true,"href":"https:\/\/gruene-schwerte.de\/index.php\/wp-json\/wp\/v2\/categories?post=8390"},{"taxonomy":"post_tag","embeddable":true,"href":"https:\/\/gruene-schwerte.de\/index.php\/wp-json\/wp\/v2\/tags?post=8390"}],"curies":[{"name":"wp","href":"https:\/\/api.w.org\/{rel}","templated":true}]}}