{"id":8322,"date":"2024-04-18T14:57:03","date_gmt":"2024-04-18T12:57:03","guid":{"rendered":"http:\/\/gruene-schwerte.de\/?p=8322"},"modified":"2024-04-18T14:57:07","modified_gmt":"2024-04-18T12:57:07","slug":"macht-mit-beim-stadtradeln","status":"publish","type":"post","link":"https:\/\/gruene-schwerte.de\/index.php\/macht-mit-beim-stadtradeln\/","title":{"rendered":"Macht mit beim Stadtradeln!"},"content":{"rendered":"\n<p><strong>AM BESTEN NAT\u00dcRLICH IM TEAM &#8222;GR\u00dcNE SCHWERTE&#8220;!<\/strong>\u00a0<\/p>\n\n\n\n<p>In Schwerte geht&nbsp;<a href=\"https:\/\/www.stadtradeln.de\/home\" target=\"_blank\" rel=\"noreferrer noopener\">Stadtradeln<\/a>&nbsp;von&nbsp;<strong>Sonntag, 5. Mai, bis Samstag, 25. Mai.<\/strong>&nbsp;Getragen wird Stadtradeln bundesweit von einem breiten Klima-B\u00fcndnis.&nbsp;<\/p>\n\n\n\n<p>Auch in diesem Jahr gehen wir wieder als&nbsp;<a href=\"https:\/\/www.stadtradeln.de\/index.php?id=171&amp;L=0&amp;team_preselect=18912\" target=\"_blank\" rel=\"noreferrer noopener\">Team der Gr\u00fcnen<\/a>&nbsp;an den Start. Wir waren in den letzten Jahren immer eines der gr\u00f6\u00dften Schwerter Teams. Das wollen wir wieder werden, auch&nbsp;<strong>um zu zeigen, dass Radverkehr in Schwerte wichtig ist<\/strong>! Deshalb bitten wir euch alle herzlich um eine Anmeldung.&nbsp;<br><br>Den direkten Link zum Team findet ihr hier:&nbsp;<a href=\"https:\/\/www.stadtradeln.de\/index.php?id=171&amp;L=0&amp;team_preselect=18912\" target=\"_blank\" rel=\"noreferrer noopener\">LINK<\/a><\/p>\n\n\n\n<p>Anmelden k\u00f6nnt ihr euch auch mit der App Stadtradeln. Dann werden die Strecken automatisch registriert und wissenschaftlich ausgewertet.&nbsp;<\/p>\n\n\n\n<p>Oder ihr ruft die Seite&nbsp;<a href=\"https:\/\/www.stadtradeln.de\/home\" target=\"_blank\" rel=\"noreferrer noopener\">stadtradeln.de<\/a>&nbsp;auf, dann auf Mitmachen &gt; Registrieren &gt; Kommune ausw\u00e4hlen &gt; Vorhandenem Team beitreten &gt; Gr\u00fcne Schwerte. Ihr k\u00f6nnt dann in den drei Aktionswochen alle gefahrenen Fahrrad-Kilometer eintragen. (Das ist f\u00fcr die, die Ortungsdienste normalerweise ausgeschaltet haben.)<\/p>\n\n\n\n<p>Wichtig: die gefahrene Strecke muss nicht in Schwerte sein. Wenn ihr in Urlaub seid, tragt die Kilometer dort ein. E-Bikes gelten genauso.<\/p>\n\n\n\n<p>Auch noch wichtig: meldet euch bitte auch dann in unserem Team an, wenn ihr wenig Rad fahrt. Die Zahl der Teilnehmer ist wichtiger als die der Kilometer. Wer drei Wochen in Urlaub ist, kann leicht 1000 km rausfahren, wer t\u00e4glich 5 km zur Arbeit f\u00e4hrt, ist viel heldenhafter, schafft aber vielleicht nur 150 km.&nbsp;<\/p>\n\n\n\n<p>Wir w\u00fcnschen euch viel Spa\u00df beim Radfahren!&nbsp;<\/p>\n\n\n\n<p>Herzliche Gr\u00fc\u00dfe<\/p>\n\n\n\n<p>Der Vorstand der Schwerter Gr\u00fcnen<br><br>PS: Bei Fragen und Problemen k\u00f6nnt ihr uns anrufen (0157 52951763) oder eine Mail (<a href=\"#\" data-unscramble=\"ed.etrewhcs-eneurg@oreub\" target=\"_blank\" rel=\"noreferrer noopener\">buero@gruene-schwerte.de<\/a>) schreiben!<\/p>\n","protected":false},"excerpt":{"rendered":"<p>AM BESTEN NAT\u00dcRLICH IM TEAM &#8222;GR\u00dcNE SCHWERTE&#8220;!\u00a0 In Schwerte geht&nbsp;Stadtradeln&nbsp;von&nbsp;Sonntag, 5. Mai, bis Samstag, 25. Mai.&nbsp;Getragen wird Stadtradeln bundesweit von einem breiten Klima-B\u00fcndnis.&nbsp; Auch in diesem Jahr gehen wir wieder [&hellip;]<\/p>\n","protected":false},"author":-1,"featured_media":8321,"comment_status":"open","ping_status":"open","sticky":false,"template":"","format":"standard","meta":{"ngg_post_thumbnail":0,"_jetpack_memberships_contains_paid_content":false,"footnotes":""},"categories":[1],"tags":[37,161,137,138,46,278],"class_list":["post-8322","post","type-post","status-publish","format-standard","has-post-thumbnail","hentry","category-neu_ort","tag-klimaschutz","tag-mobilitaet","tag-rad","tag-radverkehr","tag-schwerte","tag-stadtradeln"],"jetpack_featured_media_url":"https:\/\/gruene-schwerte.de\/wp-content\/uploads\/2024\/04\/stadtradeln-instagram-bild.png","jetpack_sharing_enabled":true,"_links":{"self":[{"href":"https:\/\/gruene-schwerte.de\/index.php\/wp-json\/wp\/v2\/posts\/8322","targetHints":{"allow":["GET"]}}],"collection":[{"href":"https:\/\/gruene-schwerte.de\/index.php\/wp-json\/wp\/v2\/posts"}],"about":[{"href":"https:\/\/gruene-schwerte.de\/index.php\/wp-json\/wp\/v2\/types\/post"}],"author":[{"embeddable":true,"href":"https:\/\/gruene-schwerte.de\/index.php\/wp-json\/wp\/v2\/users\/2"}],"replies":[{"embeddable":true,"href":"https:\/\/gruene-schwerte.de\/index.php\/wp-json\/wp\/v2\/comments?post=8322"}],"version-history":[{"count":1,"href":"https:\/\/gruene-schwerte.de\/index.php\/wp-json\/wp\/v2\/posts\/8322\/revisions"}],"predecessor-version":[{"id":8323,"href":"https:\/\/gruene-schwerte.de\/index.php\/wp-json\/wp\/v2\/posts\/8322\/revisions\/8323"}],"wp:featuredmedia":[{"embeddable":true,"href":"https:\/\/gruene-schwerte.de\/index.php\/wp-json\/wp\/v2\/media\/8321"}],"wp:attachment":[{"href":"https:\/\/gruene-schwerte.de\/index.php\/wp-json\/wp\/v2\/media?parent=8322"}],"wp:term":[{"taxonomy":"category","embeddable":true,"href":"https:\/\/gruene-schwerte.de\/index.php\/wp-json\/wp\/v2\/categories?post=8322"},{"taxonomy":"post_tag","embeddable":true,"href":"https:\/\/gruene-schwerte.de\/index.php\/wp-json\/wp\/v2\/tags?post=8322"}],"curies":[{"name":"wp","href":"https:\/\/api.w.org\/{rel}","templated":true}]}}