{"id":8091,"date":"2023-12-21T17:33:01","date_gmt":"2023-12-21T16:33:01","guid":{"rendered":"http:\/\/gruene-schwerte.de\/?p=8091"},"modified":"2023-12-21T17:33:05","modified_gmt":"2023-12-21T16:33:05","slug":"frohe-festtage-und-ein-gutes-neues-jahr","status":"publish","type":"post","link":"https:\/\/gruene-schwerte.de\/index.php\/frohe-festtage-und-ein-gutes-neues-jahr\/","title":{"rendered":"Frohe Festtage und ein gutes neues Jahr"},"content":{"rendered":"\n<p><em>im Dezember 2023<\/em><\/p>\n\n\n\n<p>Liebe Freundinnen und Freunde,<\/p>\n\n\n\n<p>die zahlreichen Herausforderungen in diesem Jahr haben in unserer Stadt vielf\u00e4ltiges Engagement freigesetzt. Wir danken allen, die sich eingesetzt haben f\u00fcr gefl\u00fcchtete Menschen, gegen Antisemitismus, f\u00fcr eine klimasensible Stadtentwicklung, f\u00fcr den Zusammenhalt in unserer Stadt und f\u00fcr weitere wichtige Themen! Gemeinsam mit Ihnen und Euch wollen wir diesen Einsatz im n\u00e4chsten Jahr fortsetzen: Wir freuen uns auf die Begegnung, den Austausch und die Zusammenarbeit!<\/p>\n\n\n\n<p>In diesem Sinne w\u00fcnschen wir frohe Festtage und ein gutes neues Jahr<\/p>\n\n\n\n<p>Ihre<\/p>\n\n\n\n<p>Bruno Heinz-Fischer, Marco Sorg<\/p>\n\n\n\n<p>(f\u00fcr die Fraktion Die Gr\u00fcnen im Rat der Stadt Schwerte)<\/p>\n\n\n\n<p>Johanna Heppe, Hans Hierweck<\/p>\n\n\n\n<p>(f\u00fcr den Ortsverband Schwerte B\u00fcndnis 90\/Die Gr\u00fcnen)<\/p>\n","protected":false},"excerpt":{"rendered":"<p>im Dezember 2023 Liebe Freundinnen und Freunde, die zahlreichen Herausforderungen in diesem Jahr haben in unserer Stadt vielf\u00e4ltiges Engagement freigesetzt. Wir danken allen, die sich eingesetzt haben f\u00fcr gefl\u00fcchtete Menschen, [&hellip;]<\/p>\n","protected":false},"author":-1,"featured_media":8092,"comment_status":"open","ping_status":"open","sticky":false,"template":"","format":"standard","meta":{"ngg_post_thumbnail":0,"_jetpack_memberships_contains_paid_content":false,"footnotes":""},"categories":[1,3],"tags":[46],"class_list":["post-8091","post","type-post","status-publish","format-standard","has-post-thumbnail","hentry","category-neu_ort","category-neu_rat","tag-schwerte"],"jetpack_featured_media_url":"https:\/\/gruene-schwerte.de\/wp-content\/uploads\/2023\/12\/frohe-festtage-instagram-bild.png","jetpack_sharing_enabled":true,"_links":{"self":[{"href":"https:\/\/gruene-schwerte.de\/index.php\/wp-json\/wp\/v2\/posts\/8091","targetHints":{"allow":["GET"]}}],"collection":[{"href":"https:\/\/gruene-schwerte.de\/index.php\/wp-json\/wp\/v2\/posts"}],"about":[{"href":"https:\/\/gruene-schwerte.de\/index.php\/wp-json\/wp\/v2\/types\/post"}],"author":[{"embeddable":true,"href":"https:\/\/gruene-schwerte.de\/index.php\/wp-json\/wp\/v2\/users\/2"}],"replies":[{"embeddable":true,"href":"https:\/\/gruene-schwerte.de\/index.php\/wp-json\/wp\/v2\/comments?post=8091"}],"version-history":[{"count":1,"href":"https:\/\/gruene-schwerte.de\/index.php\/wp-json\/wp\/v2\/posts\/8091\/revisions"}],"predecessor-version":[{"id":8093,"href":"https:\/\/gruene-schwerte.de\/index.php\/wp-json\/wp\/v2\/posts\/8091\/revisions\/8093"}],"wp:featuredmedia":[{"embeddable":true,"href":"https:\/\/gruene-schwerte.de\/index.php\/wp-json\/wp\/v2\/media\/8092"}],"wp:attachment":[{"href":"https:\/\/gruene-schwerte.de\/index.php\/wp-json\/wp\/v2\/media?parent=8091"}],"wp:term":[{"taxonomy":"category","embeddable":true,"href":"https:\/\/gruene-schwerte.de\/index.php\/wp-json\/wp\/v2\/categories?post=8091"},{"taxonomy":"post_tag","embeddable":true,"href":"https:\/\/gruene-schwerte.de\/index.php\/wp-json\/wp\/v2\/tags?post=8091"}],"curies":[{"name":"wp","href":"https:\/\/api.w.org\/{rel}","templated":true}]}}