{"id":8076,"date":"2023-12-18T19:00:00","date_gmt":"2023-12-18T18:00:00","guid":{"rendered":"http:\/\/gruene-schwerte.de\/?p=8076"},"modified":"2023-12-18T16:06:04","modified_gmt":"2023-12-18T15:06:04","slug":"fraktion-buergerinnenrat-muss-kommen","status":"publish","type":"post","link":"https:\/\/gruene-schwerte.de\/index.php\/fraktion-buergerinnenrat-muss-kommen\/","title":{"rendered":"Fraktion: &#8222;B\u00fcrger*innenrat muss kommen!&#8220;"},"content":{"rendered":"\n<p>Die Gr\u00fcne Ratsfraktion fordert die Verwaltung der Stadt Schwerte auf, einen B\u00fcrger*innenrat durchzuf\u00fchren. Einen entsprechenden Antrag hat die Fraktion f\u00fcr die Sitzung des Haupt-, Personal- und Gleichstellungsausschuss am 19. Dezember 2023 sowie f\u00fcr die Ratssitzung am 20. Dezember 2023 eingereicht.<\/p>\n\n\n\n<p>\u201eB\u00fcrgerr\u00e4te haben sich auf allen politischen Ebenen, von der Europ\u00e4ischen Union bis zu einzelnen Kommunen, bew\u00e4hrt. Sie sind ein wichtiges Instrument, das B\u00fcrgerinnen und B\u00fcrgern Beteiligung erm\u00f6glicht. Auch in Schwerte sehen wir seit einiger Zeit ein starkes Engagement f\u00fcr einen B\u00fcrgerrat. Als Gr\u00fcne unterst\u00fctzen wir das ausdr\u00fccklich und fordern die Verwaltung daher auf, einen B\u00fcrgerrat ab dem kommenden Jahr auf den Weg zu bringen\u201c, erl\u00e4utert Fraktionssprecher Marco Sorg die Idee hinter dem Antrag.<\/p>\n\n\n\n<p>Die Durchf\u00fchrung des B\u00fcrgerrats soll im Jahr 2024 zun\u00e4chst vorbereitet werden. 2025 k\u00f6nnte dann die Umsetzung erfolgen. Im Doppelhaushalt 2024 \/ 2025 sollen j\u00e4hrlich 20.000 Euro bereitgestellt werden. Thema des B\u00fcrgerrates soll eines sein, das f\u00fcr die Zukunft der Stadt Schwerte von zentraler Bedeutung ist. Welches genau, das soll ebenfalls bereits in einem demokratischen Verfahren, z.B. \u00fcber das MitMach-Portal der Stadt Schwerte, ermittelt werden.<\/p>\n\n\n\n<p>\u00dcber das Mitmach-Portal haben sich schon im Jahr 2021 mehr als 100 Schwerterinnen und Schwerter f\u00fcr einen B\u00fcrgerrat ausgesprochen. Der Vorschlag ist damit einer von bislang zweien, die in dem Portal mehr als die mindestens notwendigen 100 Stimmen erreicht haben. Dass das Interesse an einem B\u00fcrgerrat nach wie vor gro\u00df ist, hat sich seither immer wieder best\u00e4tigt, so etwa im Juni dieses Jahres bei einer gutbesuchten Veranstaltung der VHS zum Thema.<\/p>\n\n\n\n<p>\u201eDie B\u00fcrgerinnen und B\u00fcrger haben uns als kommunalpolitisch Verantwortliche wiederholt aufgefordert, einen B\u00fcrgerrat einzurichten. Ich fordere daher die Mitglieder aller demokratischen Fraktionen im Stadtrat auf, unserem Antrag zuzustimmen und damit den Weg f\u00fcr einen B\u00fcrgerrat freizumachen\u201c, appelliert Marco Sorg an die Ratsfraktionen.<\/p>\n\n\n\n<p>Ein B\u00fcrgerrat setzt sich aus zuf\u00e4llig aus der Bev\u00f6lkerung ausgelosten Teilnehmerinnen und Teilnehmern zusammen. Er bildet also einen Querschnitt der Bev\u00f6lkerung ab und bringt verschiedenste Blickwinkel, Lebensumst\u00e4nde und Erfahrungswerte zusammen. Die Teilnehmenden haben die gemeinsame Aufgabe, L\u00f6sungen f\u00fcr ein politisches Problem vorzuschlagen. Daf\u00fcr notwendiges Wissen k\u00f6nnen die Teilnehmenden im Laufe des Prozesses durch Expertinnen und Experten, die dem B\u00fcrgerrat Rede und Antwort stehen, erlangen. Auch die Organisation und Moderation des B\u00fcrgerrats wird professionell unterst\u00fctzt. Am Ende stehen Handlungsempfehlungen, die dem Stadtrat zur Beratung vorgelegt werden.<\/p>\n","protected":false},"excerpt":{"rendered":"<p>Die Gr\u00fcne Ratsfraktion fordert die Verwaltung der Stadt Schwerte auf, einen B\u00fcrger*innenrat durchzuf\u00fchren. Einen entsprechenden Antrag hat die Fraktion f\u00fcr die Sitzung des Haupt-, Personal- und Gleichstellungsausschuss am 19. Dezember [&hellip;]<\/p>\n","protected":false},"author":-1,"featured_media":8077,"comment_status":"open","ping_status":"open","sticky":false,"template":"","format":"standard","meta":{"ngg_post_thumbnail":0,"_jetpack_memberships_contains_paid_content":false,"footnotes":""},"categories":[365,430,456,3],"tags":[67,22,462,35,21,46],"class_list":["post-8076","post","type-post","status-publish","format-standard","has-post-thumbnail","hentry","category-antraege","category-aa_2023","category-aa_demokratie","category-neu_rat","tag-antrag","tag-beteiligung","tag-demokratie","tag-haushalt","tag-rat","tag-schwerte"],"jetpack_featured_media_url":"https:\/\/gruene-schwerte.de\/wp-content\/uploads\/2023\/12\/buerger-innenr-instagram-bild.png","jetpack_sharing_enabled":true,"_links":{"self":[{"href":"https:\/\/gruene-schwerte.de\/index.php\/wp-json\/wp\/v2\/posts\/8076","targetHints":{"allow":["GET"]}}],"collection":[{"href":"https:\/\/gruene-schwerte.de\/index.php\/wp-json\/wp\/v2\/posts"}],"about":[{"href":"https:\/\/gruene-schwerte.de\/index.php\/wp-json\/wp\/v2\/types\/post"}],"author":[{"embeddable":true,"href":"https:\/\/gruene-schwerte.de\/index.php\/wp-json\/wp\/v2\/users\/2"}],"replies":[{"embeddable":true,"href":"https:\/\/gruene-schwerte.de\/index.php\/wp-json\/wp\/v2\/comments?post=8076"}],"version-history":[{"count":1,"href":"https:\/\/gruene-schwerte.de\/index.php\/wp-json\/wp\/v2\/posts\/8076\/revisions"}],"predecessor-version":[{"id":8078,"href":"https:\/\/gruene-schwerte.de\/index.php\/wp-json\/wp\/v2\/posts\/8076\/revisions\/8078"}],"wp:featuredmedia":[{"embeddable":true,"href":"https:\/\/gruene-schwerte.de\/index.php\/wp-json\/wp\/v2\/media\/8077"}],"wp:attachment":[{"href":"https:\/\/gruene-schwerte.de\/index.php\/wp-json\/wp\/v2\/media?parent=8076"}],"wp:term":[{"taxonomy":"category","embeddable":true,"href":"https:\/\/gruene-schwerte.de\/index.php\/wp-json\/wp\/v2\/categories?post=8076"},{"taxonomy":"post_tag","embeddable":true,"href":"https:\/\/gruene-schwerte.de\/index.php\/wp-json\/wp\/v2\/tags?post=8076"}],"curies":[{"name":"wp","href":"https:\/\/api.w.org\/{rel}","templated":true}]}}