{"id":7677,"date":"2023-06-27T18:44:46","date_gmt":"2023-06-27T16:44:46","guid":{"rendered":"http:\/\/gruene-schwerte.de\/?p=7677"},"modified":"2023-06-27T18:44:50","modified_gmt":"2023-06-27T16:44:50","slug":"buergerinnensprechstunde-mit-michael-sacher","status":"publish","type":"post","link":"https:\/\/gruene-schwerte.de\/index.php\/buergerinnensprechstunde-mit-michael-sacher\/","title":{"rendered":"B\u00fcrger*innensprechstunde mit Michael Sacher"},"content":{"rendered":"\n<p>Unser Bundestagsabgeordneter <a href=\"https:\/\/michael-sacher.de\/\">Michael Sacher<\/a> kommt zur B\u00fcrger*innensprechstunde nach Schwerte!<\/p>\n\n\n\n<p>Diesen Freitag, 30.06., ab 17 Uhr vor DM in der H\u00fcsingstra\u00dfe k\u00f6nnt ihr Michael Fragen stellen, W\u00fcnsche und Anregungen mitgeben oder einfach nur ein wenig Quatschen.<\/p>\n\n\n\n<p>Besonders gute Antworten erwarten euch bei den Themen Kulturpass, Kulturpolitik, Film, Gamesf\u00f6rderung und Europa, ein guter Buchtipp ist auch immer drin.<\/p>\n\n\n\n<p><a><\/a>Kommt vorbei!<\/p>\n\n\n\n<p>Im Falle einer Evakuierung wegen Bombenentsch\u00e4rfung ziehen wir alternativ zum Cava-Platz.<\/p>\n","protected":false},"excerpt":{"rendered":"<p>Unser Bundestagsabgeordneter Michael Sacher kommt zur B\u00fcrger*innensprechstunde nach Schwerte! Diesen Freitag, 30.06., ab 17 Uhr vor DM in der H\u00fcsingstra\u00dfe k\u00f6nnt ihr Michael Fragen stellen, W\u00fcnsche und Anregungen mitgeben oder [&hellip;]<\/p>\n","protected":false},"author":-1,"featured_media":7678,"comment_status":"open","ping_status":"open","sticky":false,"template":"","format":"standard","meta":{"ngg_post_thumbnail":0,"_jetpack_memberships_contains_paid_content":false,"footnotes":""},"categories":[1],"tags":[311,443,297,442,46],"class_list":["post-7677","post","type-post","status-publish","format-standard","has-post-thumbnail","hentry","category-neu_ort","tag-bundestag","tag-europa","tag-kultur","tag-kulturpass","tag-schwerte"],"jetpack_featured_media_url":"https:\/\/gruene-schwerte.de\/wp-content\/uploads\/2023\/06\/buerger-innens-instagram-bild.png","jetpack_sharing_enabled":true,"_links":{"self":[{"href":"https:\/\/gruene-schwerte.de\/index.php\/wp-json\/wp\/v2\/posts\/7677","targetHints":{"allow":["GET"]}}],"collection":[{"href":"https:\/\/gruene-schwerte.de\/index.php\/wp-json\/wp\/v2\/posts"}],"about":[{"href":"https:\/\/gruene-schwerte.de\/index.php\/wp-json\/wp\/v2\/types\/post"}],"author":[{"embeddable":true,"href":"https:\/\/gruene-schwerte.de\/index.php\/wp-json\/wp\/v2\/users\/2"}],"replies":[{"embeddable":true,"href":"https:\/\/gruene-schwerte.de\/index.php\/wp-json\/wp\/v2\/comments?post=7677"}],"version-history":[{"count":1,"href":"https:\/\/gruene-schwerte.de\/index.php\/wp-json\/wp\/v2\/posts\/7677\/revisions"}],"predecessor-version":[{"id":7679,"href":"https:\/\/gruene-schwerte.de\/index.php\/wp-json\/wp\/v2\/posts\/7677\/revisions\/7679"}],"wp:featuredmedia":[{"embeddable":true,"href":"https:\/\/gruene-schwerte.de\/index.php\/wp-json\/wp\/v2\/media\/7678"}],"wp:attachment":[{"href":"https:\/\/gruene-schwerte.de\/index.php\/wp-json\/wp\/v2\/media?parent=7677"}],"wp:term":[{"taxonomy":"category","embeddable":true,"href":"https:\/\/gruene-schwerte.de\/index.php\/wp-json\/wp\/v2\/categories?post=7677"},{"taxonomy":"post_tag","embeddable":true,"href":"https:\/\/gruene-schwerte.de\/index.php\/wp-json\/wp\/v2\/tags?post=7677"}],"curies":[{"name":"wp","href":"https:\/\/api.w.org\/{rel}","templated":true}]}}