{"id":7005,"date":"2023-02-10T12:20:32","date_gmt":"2023-02-10T11:20:32","guid":{"rendered":"http:\/\/gruene-schwerte.de\/?p=7005"},"modified":"2023-02-10T12:20:36","modified_gmt":"2023-02-10T11:20:36","slug":"endlich-solarfoerderung-kommt","status":"publish","type":"post","link":"https:\/\/gruene-schwerte.de\/index.php\/endlich-solarfoerderung-kommt\/","title":{"rendered":"Endlich: Solarf\u00f6rderung kommt!"},"content":{"rendered":"\n<p>Im letzten Sitzungslauf hatte die Gr\u00fcnen-Fraktion f\u00fcr das Jahr 2023 ein F\u00f6rderprogramm f\u00fcr Fotovoltaik-Anlagen und Balkon-Solar-Anlagen vorgeschlagen. Der Antrag war aufgrund eines Vorschlags unseres st\u00e4dtischen Klimaschutzmanagers Herrn H\u00fcbner zur\u00fcckgestellt worden: Er wollte die Ausschreibung eines regionalen F\u00f6rderprogramms abwarten, um daraus ein konkretes Konzept zu entwickeln. Dieses Konzept wurde im Ausschuss f\u00fcr Umwelt, Klima und Mobilit\u00e4t am 07.02.2023 vorgestellt und fand breite Zustimmung.<\/p>\n\n\n\n<p>Wir Gr\u00fcnen freuen uns dar\u00fcber, dass Schwerter Mieter*innen und Wohneigent\u00fcmer*innen voraussichtlich ab M\u00e4rz diesen Jahres davon profitieren k\u00f6nnen und hoffen auf eine gute<br>Resonanz.<\/p>\n","protected":false},"excerpt":{"rendered":"<p>Im letzten Sitzungslauf hatte die Gr\u00fcnen-Fraktion f\u00fcr das Jahr 2023 ein F\u00f6rderprogramm f\u00fcr Fotovoltaik-Anlagen und Balkon-Solar-Anlagen vorgeschlagen. Der Antrag war aufgrund eines Vorschlags unseres st\u00e4dtischen Klimaschutzmanagers Herrn H\u00fcbner zur\u00fcckgestellt worden: [&hellip;]<\/p>\n","protected":false},"author":-1,"featured_media":7006,"comment_status":"open","ping_status":"open","sticky":false,"template":"","format":"standard","meta":{"ngg_post_thumbnail":0,"_jetpack_memberships_contains_paid_content":false,"footnotes":""},"categories":[3],"tags":[422,386,145,37,21,46],"class_list":["post-7005","post","type-post","status-publish","format-standard","has-post-thumbnail","hentry","category-neu_rat","tag-foerderung","tag-fotovoltaik","tag-fraktion","tag-klimaschutz","tag-rat","tag-schwerte"],"jetpack_featured_media_url":"https:\/\/gruene-schwerte.de\/wp-content\/uploads\/2023\/02\/solarfoerderun-instagram-bild.png","jetpack_sharing_enabled":true,"_links":{"self":[{"href":"https:\/\/gruene-schwerte.de\/index.php\/wp-json\/wp\/v2\/posts\/7005","targetHints":{"allow":["GET"]}}],"collection":[{"href":"https:\/\/gruene-schwerte.de\/index.php\/wp-json\/wp\/v2\/posts"}],"about":[{"href":"https:\/\/gruene-schwerte.de\/index.php\/wp-json\/wp\/v2\/types\/post"}],"author":[{"embeddable":true,"href":"https:\/\/gruene-schwerte.de\/index.php\/wp-json\/wp\/v2\/users\/2"}],"replies":[{"embeddable":true,"href":"https:\/\/gruene-schwerte.de\/index.php\/wp-json\/wp\/v2\/comments?post=7005"}],"version-history":[{"count":1,"href":"https:\/\/gruene-schwerte.de\/index.php\/wp-json\/wp\/v2\/posts\/7005\/revisions"}],"predecessor-version":[{"id":7007,"href":"https:\/\/gruene-schwerte.de\/index.php\/wp-json\/wp\/v2\/posts\/7005\/revisions\/7007"}],"wp:featuredmedia":[{"embeddable":true,"href":"https:\/\/gruene-schwerte.de\/index.php\/wp-json\/wp\/v2\/media\/7006"}],"wp:attachment":[{"href":"https:\/\/gruene-schwerte.de\/index.php\/wp-json\/wp\/v2\/media?parent=7005"}],"wp:term":[{"taxonomy":"category","embeddable":true,"href":"https:\/\/gruene-schwerte.de\/index.php\/wp-json\/wp\/v2\/categories?post=7005"},{"taxonomy":"post_tag","embeddable":true,"href":"https:\/\/gruene-schwerte.de\/index.php\/wp-json\/wp\/v2\/tags?post=7005"}],"curies":[{"name":"wp","href":"https:\/\/api.w.org\/{rel}","templated":true}]}}