{"id":6984,"date":"2023-01-24T18:00:00","date_gmt":"2023-01-24T17:00:00","guid":{"rendered":"http:\/\/gruene-schwerte.de\/?p=6984"},"modified":"2023-02-07T17:10:14","modified_gmt":"2023-02-07T16:10:14","slug":"anfrage-umsetzungsstand-des-beschlusses-ortsdurchfahrt-b236","status":"publish","type":"post","link":"https:\/\/gruene-schwerte.de\/index.php\/anfrage-umsetzungsstand-des-beschlusses-ortsdurchfahrt-b236\/","title":{"rendered":"Anfrage: Umsetzungsstand des Beschlusses Ortsdurchfahrt B236"},"content":{"rendered":"\n<p>In der Ratssitzung vom 09.03.2022 wurde folgender, einstimmiger Beschluss (X\/0474) gefasst:<\/p>\n\n\n\n<p>\u201eDie Verwaltung wird beauftragt, alle jetzt noch bestehenden M\u00f6glichkeiten (Massive \u00d6ffentlichkeitsarbeit, kurzfristige Terminanfrage\/Anruf beim Verkehrsminister, etc.) zu pr\u00fcfen um eine Ver\u00e4nderung der aktuellen Planungen zur B 236 zu erreichen. Hierzu soll eine breite Basis aller Betroffenen (Fraktionen, Parteien, Schulen\/Sch\u00fcler, B\u00fcrgerinitiativen, Klimaallianz, ADFC, etc.) zu einem gemeinsamen Vorgehen geschaffen werden. Ziel der Ver\u00e4nderung soll eine menschengerechte, zukunftsf\u00e4hige Bauausf\u00fchrung sein.\u201c (aus dem Ratsinformationssystem)<\/p>\n\n\n\n<p>Uns interessiert, welche Aktivit\u00e4ten in Zusammenhang mit diesem Beschluss von der Verwaltung ergriffen wurden.<\/p>\n\n\n\n<p>Die Anfrage haben wir der Verwaltung f\u00fcr den RAT am 15.02.2023 gestellt.<br><br><\/p>\n","protected":false},"excerpt":{"rendered":"<p>In der Ratssitzung vom 09.03.2022 wurde folgender, einstimmiger Beschluss (X\/0474) gefasst: \u201eDie Verwaltung wird beauftragt, alle jetzt noch bestehenden M\u00f6glichkeiten (Massive \u00d6ffentlichkeitsarbeit, kurzfristige Terminanfrage\/Anruf beim Verkehrsminister, etc.) zu pr\u00fcfen um [&hellip;]<\/p>\n","protected":false},"author":-1,"featured_media":6985,"comment_status":"open","ping_status":"open","sticky":false,"template":"","format":"standard","meta":{"ngg_post_thumbnail":0,"_jetpack_memberships_contains_paid_content":false,"footnotes":""},"categories":[15,3],"tags":[417,145,21,46],"class_list":["post-6984","post","type-post","status-publish","format-standard","has-post-thumbnail","hentry","category-anfragen-antraege","category-neu_rat","tag-anfrage","tag-fraktion","tag-rat","tag-schwerte"],"jetpack_featured_media_url":"https:\/\/gruene-schwerte.de\/wp-content\/uploads\/2023\/02\/Ortseingangsschild-Frage-Antwort.jpg","jetpack_sharing_enabled":true,"_links":{"self":[{"href":"https:\/\/gruene-schwerte.de\/index.php\/wp-json\/wp\/v2\/posts\/6984","targetHints":{"allow":["GET"]}}],"collection":[{"href":"https:\/\/gruene-schwerte.de\/index.php\/wp-json\/wp\/v2\/posts"}],"about":[{"href":"https:\/\/gruene-schwerte.de\/index.php\/wp-json\/wp\/v2\/types\/post"}],"author":[{"embeddable":true,"href":"https:\/\/gruene-schwerte.de\/index.php\/wp-json\/wp\/v2\/users\/8"}],"replies":[{"embeddable":true,"href":"https:\/\/gruene-schwerte.de\/index.php\/wp-json\/wp\/v2\/comments?post=6984"}],"version-history":[{"count":1,"href":"https:\/\/gruene-schwerte.de\/index.php\/wp-json\/wp\/v2\/posts\/6984\/revisions"}],"predecessor-version":[{"id":6986,"href":"https:\/\/gruene-schwerte.de\/index.php\/wp-json\/wp\/v2\/posts\/6984\/revisions\/6986"}],"wp:featuredmedia":[{"embeddable":true,"href":"https:\/\/gruene-schwerte.de\/index.php\/wp-json\/wp\/v2\/media\/6985"}],"wp:attachment":[{"href":"https:\/\/gruene-schwerte.de\/index.php\/wp-json\/wp\/v2\/media?parent=6984"}],"wp:term":[{"taxonomy":"category","embeddable":true,"href":"https:\/\/gruene-schwerte.de\/index.php\/wp-json\/wp\/v2\/categories?post=6984"},{"taxonomy":"post_tag","embeddable":true,"href":"https:\/\/gruene-schwerte.de\/index.php\/wp-json\/wp\/v2\/tags?post=6984"}],"curies":[{"name":"wp","href":"https:\/\/api.w.org\/{rel}","templated":true}]}}