{"id":5775,"date":"2022-09-23T12:53:20","date_gmt":"2022-09-23T10:53:20","guid":{"rendered":"http:\/\/gruene-schwerte.de\/?p=5775"},"modified":"2022-09-23T12:53:24","modified_gmt":"2022-09-23T10:53:24","slug":"windkraft-endlich-ratsmehrheit","status":"publish","type":"post","link":"https:\/\/gruene-schwerte.de\/index.php\/windkraft-endlich-ratsmehrheit\/","title":{"rendered":"Windkraft: Endlich Ratsmehrheit!"},"content":{"rendered":"\n<p>Die Schwerter Gr\u00fcnen begr\u00fc\u00dfen, dass die SPD im Rat \u00fcber ihren Schatten gesprungen ist und diesmal den beiden Windr\u00e4dern im Schwerter Sch\u00e4lk zugestimmt hat. Damit kann die Stadt mehr als die H\u00e4lfte ihres Anteils an den Ausbauzielen der Bundesregierung f\u00fcr Wind erf\u00fcllen.<\/p>\n\n\n\n<p>Ohne Wind geht die Energiewende nicht. Und die Energiewende brauchen wir:<\/p>\n\n\n\n<p>1. um die Klimaziele zu erreichen, damit D\u00fcrresommer wie dieser nicht zur Regel werden;<\/p>\n\n\n\n<p>2. um unabh\u00e4ngig von Gas und \u00d6l zu werden, das uns vorwiegend aus problematischen L\u00e4ndern wie Russland oder Katar erreicht.<\/p>\n\n\n\n<p>Windenergie ist die mit Abstand billigste Art, Strom zu erzeugen. Je mehr es davon gibt, je mehr wird sich das auf den Strompreis auswirken.<\/p>\n\n\n\n<p>F\u00fcr die Gr\u00fcnen ist es selbstverst\u00e4ndlich, dass die Ertr\u00e4ge aus den Anlagen in Schwerte bleiben sollten. Daf\u00fcr brauchen wir am besten genossenschaftliche Beteiligungsformen. Denkbar ist dabei eine Anlehnung an bestehende Genossenschaften z. B. in Hagen.<\/p>\n\n\n\n<p>Die beiden Stellen im Sch\u00e4lk haben wir vor kurzem besichtigt. Es handelt sich eben nicht um intakte Waldfl\u00e4chen, sondern an beiden Stellen sind Brachfl\u00e4chen entstanden, weil dort abgestorbene Fichten standen.<\/p>\n\n\n\n<p>Die Behauptung der CDU, dort m\u00fcssten 20 000 qm Fl\u00e4che versiegelt werden, ist unrichtig. Versiegelt werden pro Windrad knapp 400 qm (f\u00fcr den Turm). Drumherum m\u00fcssen ca. 4000 qm Fl\u00e4che freigehalten werden \u2013 aber nicht versiegelt. Sonst m\u00fcsste man auch Waldwege zu versiegelten Fl\u00e4chen erkl\u00e4ren.<\/p>\n\n\n\n<p>Man kann es w\u00fcnschenswert finden, dass Windr\u00e4der nicht im Wald, sondern z. B. in Gewerbegebieten entstehen. Dazu m\u00fcssten aber die gegenw\u00e4rtigen \u00fcberzogenen Abstandsregelungen fallen. Es ist schwer einzusehen, warum z. B. die Westhofener Autobahnerweiterung mit Br\u00fccke 300 m an Wohngebiete herandarf, ein Windrad aber mindestens 750 m Abstand brauchen soll.<\/p>\n\n\n\n<figure class=\"wp-block-image size-large\"><img loading=\"lazy\" decoding=\"async\" width=\"800\" height=\"358\" src=\"http:\/\/gruene-schwerte.de\/wp-content\/uploads\/2022\/09\/Nord1-min-800x358.jpg\" alt=\"\" class=\"wp-image-5777\" srcset=\"https:\/\/gruene-schwerte.de\/wp-content\/uploads\/2022\/09\/Nord1-min-800x358.jpg 800w, https:\/\/gruene-schwerte.de\/wp-content\/uploads\/2022\/09\/Nord1-min-400x179.jpg 400w, https:\/\/gruene-schwerte.de\/wp-content\/uploads\/2022\/09\/Nord1-min-768x344.jpg 768w, https:\/\/gruene-schwerte.de\/wp-content\/uploads\/2022\/09\/Nord1-min-1536x687.jpg 1536w, https:\/\/gruene-schwerte.de\/wp-content\/uploads\/2022\/09\/Nord1-min-2048x917.jpg 2048w\" sizes=\"auto, (max-width: 800px) 100vw, 800px\" \/><figcaption>N\u00f6rdlicher Standort<\/figcaption><\/figure>\n\n\n\n<figure class=\"wp-block-image size-large\"><img loading=\"lazy\" decoding=\"async\" width=\"800\" height=\"1067\" src=\"http:\/\/gruene-schwerte.de\/wp-content\/uploads\/2022\/09\/sued1-800x1067.jpeg\" alt=\"\" class=\"wp-image-5778\" srcset=\"https:\/\/gruene-schwerte.de\/wp-content\/uploads\/2022\/09\/sued1-800x1067.jpeg 800w, https:\/\/gruene-schwerte.de\/wp-content\/uploads\/2022\/09\/sued1-400x533.jpeg 400w, https:\/\/gruene-schwerte.de\/wp-content\/uploads\/2022\/09\/sued1-768x1024.jpeg 768w, https:\/\/gruene-schwerte.de\/wp-content\/uploads\/2022\/09\/sued1-1152x1536.jpeg 1152w, https:\/\/gruene-schwerte.de\/wp-content\/uploads\/2022\/09\/sued1-1536x2048.jpeg 1536w, https:\/\/gruene-schwerte.de\/wp-content\/uploads\/2022\/09\/sued1-scaled.jpeg 1920w\" sizes=\"auto, (max-width: 800px) 100vw, 800px\" \/><figcaption>S\u00fcdlicher Standort<\/figcaption><\/figure>\n","protected":false},"excerpt":{"rendered":"<p>Die Schwerter Gr\u00fcnen begr\u00fc\u00dfen, dass die SPD im Rat \u00fcber ihren Schatten gesprungen ist und diesmal den beiden Windr\u00e4dern im Schwerter Sch\u00e4lk zugestimmt hat. Damit kann die Stadt mehr als [&hellip;]<\/p>\n","protected":false},"author":-1,"featured_media":5776,"comment_status":"open","ping_status":"open","sticky":false,"template":"","format":"standard","meta":{"ngg_post_thumbnail":0,"_jetpack_memberships_contains_paid_content":false,"footnotes":""},"categories":[1],"tags":[202,21,255],"class_list":["post-5775","post","type-post","status-publish","format-standard","has-post-thumbnail","hentry","category-neu_ort","tag-ergste","tag-rat","tag-windkraft"],"jetpack_featured_media_url":"https:\/\/gruene-schwerte.de\/wp-content\/uploads\/2022\/09\/windkraft-endl-instagram-bild.png","jetpack_sharing_enabled":true,"_links":{"self":[{"href":"https:\/\/gruene-schwerte.de\/index.php\/wp-json\/wp\/v2\/posts\/5775","targetHints":{"allow":["GET"]}}],"collection":[{"href":"https:\/\/gruene-schwerte.de\/index.php\/wp-json\/wp\/v2\/posts"}],"about":[{"href":"https:\/\/gruene-schwerte.de\/index.php\/wp-json\/wp\/v2\/types\/post"}],"author":[{"embeddable":true,"href":"https:\/\/gruene-schwerte.de\/index.php\/wp-json\/wp\/v2\/users\/2"}],"replies":[{"embeddable":true,"href":"https:\/\/gruene-schwerte.de\/index.php\/wp-json\/wp\/v2\/comments?post=5775"}],"version-history":[{"count":1,"href":"https:\/\/gruene-schwerte.de\/index.php\/wp-json\/wp\/v2\/posts\/5775\/revisions"}],"predecessor-version":[{"id":5779,"href":"https:\/\/gruene-schwerte.de\/index.php\/wp-json\/wp\/v2\/posts\/5775\/revisions\/5779"}],"wp:featuredmedia":[{"embeddable":true,"href":"https:\/\/gruene-schwerte.de\/index.php\/wp-json\/wp\/v2\/media\/5776"}],"wp:attachment":[{"href":"https:\/\/gruene-schwerte.de\/index.php\/wp-json\/wp\/v2\/media?parent=5775"}],"wp:term":[{"taxonomy":"category","embeddable":true,"href":"https:\/\/gruene-schwerte.de\/index.php\/wp-json\/wp\/v2\/categories?post=5775"},{"taxonomy":"post_tag","embeddable":true,"href":"https:\/\/gruene-schwerte.de\/index.php\/wp-json\/wp\/v2\/tags?post=5775"}],"curies":[{"name":"wp","href":"https:\/\/api.w.org\/{rel}","templated":true}]}}