{"id":5438,"date":"2022-09-04T20:41:08","date_gmt":"2022-09-04T18:41:08","guid":{"rendered":"http:\/\/gruene-schwerte.de\/?p=5438"},"modified":"2022-09-04T20:41:56","modified_gmt":"2022-09-04T18:41:56","slug":"gruene-jugend-schwerte-treffen-fuer-interessierte","status":"publish","type":"post","link":"https:\/\/gruene-schwerte.de\/index.php\/gruene-jugend-schwerte-treffen-fuer-interessierte\/","title":{"rendered":"Gr\u00fcne Jugend Schwerte: Treffen f\u00fcr Interessierte!"},"content":{"rendered":"\n<p>Du m\u00f6chtest dich gegen Klimazerst\u00f6rung, Ausbeutung und Ungerechtigkeit einsetzen? Dann bist du bei uns genau richtig!<br><br>Am Samstag, den 10.09., findet um 15 Uhr in der GR\u00dcNFl\u00e4che, Haselackstra\u00dfe 5, ein Treffen f\u00fcr Interessierte zur Gr\u00fcndung der Gr\u00fcnen Jugend Schwerte statt. Wir tauschen uns \u00fcber gemeinsame politische Interessen und Pl\u00e4ne f\u00fcr Schwerte aus und freuen uns auf dich!<\/p>\n","protected":false},"excerpt":{"rendered":"<p>Du m\u00f6chtest dich gegen Klimazerst\u00f6rung, Ausbeutung und Ungerechtigkeit einsetzen? Dann bist du bei uns genau richtig! Am Samstag, den 10.09., findet um 15 Uhr in der GR\u00dcNFl\u00e4che, Haselackstra\u00dfe 5, ein [&hellip;]<\/p>\n","protected":false},"author":-1,"featured_media":5439,"comment_status":"open","ping_status":"open","sticky":false,"template":"","format":"standard","meta":{"ngg_post_thumbnail":0,"_jetpack_memberships_contains_paid_content":false,"footnotes":""},"categories":[1],"tags":[355,46,379],"class_list":["post-5438","post","type-post","status-publish","format-standard","has-post-thumbnail","hentry","category-neu_ort","tag-gruene-jugend","tag-schwerte","tag-treffen"],"jetpack_featured_media_url":"https:\/\/gruene-schwerte.de\/wp-content\/uploads\/2022\/09\/2022_Interessiertentreffen_Instagram_Facebook_Post.png","jetpack_sharing_enabled":true,"_links":{"self":[{"href":"https:\/\/gruene-schwerte.de\/index.php\/wp-json\/wp\/v2\/posts\/5438","targetHints":{"allow":["GET"]}}],"collection":[{"href":"https:\/\/gruene-schwerte.de\/index.php\/wp-json\/wp\/v2\/posts"}],"about":[{"href":"https:\/\/gruene-schwerte.de\/index.php\/wp-json\/wp\/v2\/types\/post"}],"author":[{"embeddable":true,"href":"https:\/\/gruene-schwerte.de\/index.php\/wp-json\/wp\/v2\/users\/2"}],"replies":[{"embeddable":true,"href":"https:\/\/gruene-schwerte.de\/index.php\/wp-json\/wp\/v2\/comments?post=5438"}],"version-history":[{"count":4,"href":"https:\/\/gruene-schwerte.de\/index.php\/wp-json\/wp\/v2\/posts\/5438\/revisions"}],"predecessor-version":[{"id":5486,"href":"https:\/\/gruene-schwerte.de\/index.php\/wp-json\/wp\/v2\/posts\/5438\/revisions\/5486"}],"wp:featuredmedia":[{"embeddable":true,"href":"https:\/\/gruene-schwerte.de\/index.php\/wp-json\/wp\/v2\/media\/5439"}],"wp:attachment":[{"href":"https:\/\/gruene-schwerte.de\/index.php\/wp-json\/wp\/v2\/media?parent=5438"}],"wp:term":[{"taxonomy":"category","embeddable":true,"href":"https:\/\/gruene-schwerte.de\/index.php\/wp-json\/wp\/v2\/categories?post=5438"},{"taxonomy":"post_tag","embeddable":true,"href":"https:\/\/gruene-schwerte.de\/index.php\/wp-json\/wp\/v2\/tags?post=5438"}],"curies":[{"name":"wp","href":"https:\/\/api.w.org\/{rel}","templated":true}]}}