{"id":3789,"date":"2022-04-17T12:26:00","date_gmt":"2022-04-17T10:26:00","guid":{"rendered":"http:\/\/gruene-schwerte.de\/?p=3789"},"modified":"2022-04-19T12:28:50","modified_gmt":"2022-04-19T10:28:50","slug":"der-tourbus-der-gruenen-jugend-nrw-kommt-nach-schwerte","status":"publish","type":"post","link":"https:\/\/gruene-schwerte.de\/index.php\/der-tourbus-der-gruenen-jugend-nrw-kommt-nach-schwerte\/","title":{"rendered":"Der Tourbus der Gr\u00fcnen Jugend NRW  kommt nach Schwerte!"},"content":{"rendered":"\n<p>Am 26. April ab 14:30 Uhr wird der Bus in der H\u00fcsingstra\u00dfe, Ecke M\u00e4hrstra\u00dfe stehen. Unser Landtagskandidat Hans Hierweck ist dabei. Mit ihrer: NRW? Lass mal \u00e4ndern!Kampagne tourt die GJ durch ganz NRW. Gemeinsam setzten wir uns vor Ort f\u00fcr die Verkehrswende, gerechte Bildung und gute Orte f\u00fcr alle ein. <br><br>Denn am 15. Mai ist Landtagswahl, wo es insbesondere um die Zukunft junger Menschen geht. Bei den Aktionen rund um den Bus kannst du immer mitmachen und uns deine Meinung sagen. Mit dabei ist immer viel Spa\u00df, tausende Flyer und coole Give-Aways.<\/p>\n","protected":false},"excerpt":{"rendered":"<p>Am 26. April ab 14:30 Uhr wird der Bus in der H\u00fcsingstra\u00dfe, Ecke M\u00e4hrstra\u00dfe stehen. Unser Landtagskandidat Hans Hierweck ist dabei. Mit ihrer: NRW? Lass mal \u00e4ndern!Kampagne tourt die GJ [&hellip;]<\/p>\n","protected":false},"author":-1,"featured_media":3791,"comment_status":"open","ping_status":"open","sticky":false,"template":"","format":"standard","meta":{"ngg_post_thumbnail":0,"_jetpack_memberships_contains_paid_content":false,"footnotes":""},"categories":[312,1],"tags":[355,46],"class_list":["post-3789","post","type-post","status-publish","format-standard","has-post-thumbnail","hentry","category-landtagswahl","category-neu_ort","tag-gruene-jugend","tag-schwerte"],"jetpack_featured_media_url":"https:\/\/gruene-schwerte.de\/wp-content\/uploads\/2022\/04\/ecke-huesingst-instagram-bild.png","jetpack_sharing_enabled":true,"_links":{"self":[{"href":"https:\/\/gruene-schwerte.de\/index.php\/wp-json\/wp\/v2\/posts\/3789","targetHints":{"allow":["GET"]}}],"collection":[{"href":"https:\/\/gruene-schwerte.de\/index.php\/wp-json\/wp\/v2\/posts"}],"about":[{"href":"https:\/\/gruene-schwerte.de\/index.php\/wp-json\/wp\/v2\/types\/post"}],"author":[{"embeddable":true,"href":"https:\/\/gruene-schwerte.de\/index.php\/wp-json\/wp\/v2\/users\/2"}],"replies":[{"embeddable":true,"href":"https:\/\/gruene-schwerte.de\/index.php\/wp-json\/wp\/v2\/comments?post=3789"}],"version-history":[{"count":1,"href":"https:\/\/gruene-schwerte.de\/index.php\/wp-json\/wp\/v2\/posts\/3789\/revisions"}],"predecessor-version":[{"id":3792,"href":"https:\/\/gruene-schwerte.de\/index.php\/wp-json\/wp\/v2\/posts\/3789\/revisions\/3792"}],"wp:featuredmedia":[{"embeddable":true,"href":"https:\/\/gruene-schwerte.de\/index.php\/wp-json\/wp\/v2\/media\/3791"}],"wp:attachment":[{"href":"https:\/\/gruene-schwerte.de\/index.php\/wp-json\/wp\/v2\/media?parent=3789"}],"wp:term":[{"taxonomy":"category","embeddable":true,"href":"https:\/\/gruene-schwerte.de\/index.php\/wp-json\/wp\/v2\/categories?post=3789"},{"taxonomy":"post_tag","embeddable":true,"href":"https:\/\/gruene-schwerte.de\/index.php\/wp-json\/wp\/v2\/tags?post=3789"}],"curies":[{"name":"wp","href":"https:\/\/api.w.org\/{rel}","templated":true}]}}