{"id":3297,"date":"2021-11-26T16:42:29","date_gmt":"2021-11-26T15:42:29","guid":{"rendered":"http:\/\/gruene-schwerte.de\/?p=3297"},"modified":"2021-11-26T16:42:34","modified_gmt":"2021-11-26T15:42:34","slug":"stellungnahme-zur-schuldiskussion","status":"publish","type":"post","link":"https:\/\/gruene-schwerte.de\/index.php\/stellungnahme-zur-schuldiskussion\/","title":{"rendered":"Stellungnahme zur Schuldiskussion"},"content":{"rendered":"\n<p>Die Debatte um den Standort der TFG hat sich zugespitzt. Das ist nachvollziehbar: Bildung muss ein hoher Stellenwert beigemessen werden. Es ist richtig dar\u00fcber zu streiten, wo und wie Bildung in Schwerte gelingen kann.<br><br>Als Gr\u00fcne setzen wir uns seit jeher f\u00fcr Bildungsgerechtigkeit ein. Wir sind \u00fcberzeugt davon, dass Gesamtschulen dazu einen ma\u00dfgeblichen Beitrag leisten. Um m\u00f6glichst vielen Schwerter Sch\u00fclerinnen und Sch\u00fclern langes gemeinsames Lernen zu erm\u00f6glichen, haben wir die Gr\u00fcndung einer zweiten Gesamtschule, der TFG, im Jahr 2015 ma\u00dfgeblich unterst\u00fctzt. Heute geht es darum, die TFG zu st\u00e4rken, ihr ein Geb\u00e4ude und eine Ausstattung zu geben, die der Zeit und ihrem p\u00e4dagogischen Konzept angemessen sind. Das kann am jetzigen Standort gelingen. Ein schneller Beginn der Planungen und der Bauma\u00dfnahmen ist f\u00fcr uns zentral.<br><br>Voraussetzung daf\u00fcr ist, die von Polemik und pers\u00f6nlichen Angriffen durchzogene Diskussion der letzten zwei Wochen zu beenden. Die Herausforderungen, vor denen alle Beteiligten, zuvorderst die Schulgemeinschaft, jetzt stehen, erfordern ein konstruktives und sachorientiertes Ringen um die besten L\u00f6sungen. Das ist die Art des Streitens, die Bildung verdient.<br><br>Der Vorstand<br>B\u00fcndnis 90 \/ Die Gr\u00fcnen OV Schwerte<\/p>\n","protected":false},"excerpt":{"rendered":"<p>Die Debatte um den Standort der TFG hat sich zugespitzt. Das ist nachvollziehbar: Bildung muss ein hoher Stellenwert beigemessen werden. Es ist richtig dar\u00fcber zu streiten, wo und wie Bildung [&hellip;]<\/p>\n","protected":false},"author":-1,"featured_media":2210,"comment_status":"open","ping_status":"open","sticky":false,"template":"","format":"standard","meta":{"ngg_post_thumbnail":0,"_jetpack_memberships_contains_paid_content":false,"footnotes":""},"categories":[1],"tags":[125,63,316],"class_list":["post-3297","post","type-post","status-publish","format-standard","has-post-thumbnail","hentry","category-neu_ort","tag-gesamtschule","tag-schule","tag-standort"],"jetpack_featured_media_url":"https:\/\/gruene-schwerte.de\/wp-content\/uploads\/2021\/02\/instagram-bild-2-e1678735738731.png","jetpack_sharing_enabled":true,"_links":{"self":[{"href":"https:\/\/gruene-schwerte.de\/index.php\/wp-json\/wp\/v2\/posts\/3297","targetHints":{"allow":["GET"]}}],"collection":[{"href":"https:\/\/gruene-schwerte.de\/index.php\/wp-json\/wp\/v2\/posts"}],"about":[{"href":"https:\/\/gruene-schwerte.de\/index.php\/wp-json\/wp\/v2\/types\/post"}],"author":[{"embeddable":true,"href":"https:\/\/gruene-schwerte.de\/index.php\/wp-json\/wp\/v2\/users\/2"}],"replies":[{"embeddable":true,"href":"https:\/\/gruene-schwerte.de\/index.php\/wp-json\/wp\/v2\/comments?post=3297"}],"version-history":[{"count":1,"href":"https:\/\/gruene-schwerte.de\/index.php\/wp-json\/wp\/v2\/posts\/3297\/revisions"}],"predecessor-version":[{"id":3298,"href":"https:\/\/gruene-schwerte.de\/index.php\/wp-json\/wp\/v2\/posts\/3297\/revisions\/3298"}],"wp:featuredmedia":[{"embeddable":true,"href":"https:\/\/gruene-schwerte.de\/index.php\/wp-json\/wp\/v2\/media\/2210"}],"wp:attachment":[{"href":"https:\/\/gruene-schwerte.de\/index.php\/wp-json\/wp\/v2\/media?parent=3297"}],"wp:term":[{"taxonomy":"category","embeddable":true,"href":"https:\/\/gruene-schwerte.de\/index.php\/wp-json\/wp\/v2\/categories?post=3297"},{"taxonomy":"post_tag","embeddable":true,"href":"https:\/\/gruene-schwerte.de\/index.php\/wp-json\/wp\/v2\/tags?post=3297"}],"curies":[{"name":"wp","href":"https:\/\/api.w.org\/{rel}","templated":true}]}}