{"id":3151,"date":"2021-10-15T12:17:00","date_gmt":"2021-10-15T10:17:00","guid":{"rendered":"http:\/\/gruene-schwerte.de\/?p=3151"},"modified":"2021-10-21T12:20:06","modified_gmt":"2021-10-21T10:20:06","slug":"michael-sacher-doch-nicht-im-bundestag","status":"publish","type":"post","link":"https:\/\/gruene-schwerte.de\/index.php\/michael-sacher-doch-nicht-im-bundestag\/","title":{"rendered":"Michael Sacher doch nicht im Bundestag"},"content":{"rendered":"\n<p><b>W<\/b>ir m\u00fcssen heute die traurige Nachricht mitteilen, dass Michael Sacher kein Mitglied des Deutschen Bundestags ist. Durch die Ver\u00f6ffentlichung des amtlichen Endergebnisses kam es zu Verschiebungen bzgl. der Vergabe des 118. Sitzes, welcher nun nach Bayern und nicht nach NRW geht.<\/p>\n\n\n\n<p>Michael sagt dazu:<\/p>\n\n\n\n<p>&#8222;Jetzt ist es tats\u00e4chlich passiert. Ich bin leider nur ein dreiw\u00f6chiges vorl\u00e4ufiges Mitglied im 20. Deutschen Bundestag gewesen; das amtliche Endergebnis der Wahl verschiebt den 118. Sitz von B\u00fcndnis 90 \/ Die Gr\u00fcnen aus NRW nach Bayern. So wird die Gr\u00fcne Beate Walter-Rosenheimer aus Bayern statt meiner das Mandat antreten.<\/p>\n\n\n\n<p>F\u00fcr mich pers\u00f6nlich nat\u00fcrlich ein herber Schlag, zumal ich in den ersten Tagen in Berlin einen kleinen Einblick bekommen konnte, wie die bundespolitische Arbeit im Bundestag aussieht und von mir mitgestaltet h\u00e4tte werden k\u00f6nnen.<\/p>\n\n\n\n<p>F\u00fcr die Partei B\u00fcndnis 90 \/ Die Gr\u00fcnen ist es aber nur eine interne Verschiebung, da wir personell und inhaltlich einfach sehr gut aufgestellt sind. Daher kann ich nun Beate Walter-Rosenheimer vertrauensvoll ein gutes Gelingen f\u00fcr ihre Arbeit im 20. Bundestag w\u00fcnschen.&#8220;<\/p>\n","protected":false},"excerpt":{"rendered":"<p>Wir m\u00fcssen heute die traurige Nachricht mitteilen, dass Michael Sacher kein Mitglied des Deutschen Bundestags ist. Durch die Ver\u00f6ffentlichung des amtlichen Endergebnisses kam es zu Verschiebungen bzgl. der Vergabe des [&hellip;]<\/p>\n","protected":false},"author":-1,"featured_media":2300,"comment_status":"open","ping_status":"open","sticky":false,"template":"","format":"standard","meta":{"ngg_post_thumbnail":0,"_jetpack_memberships_contains_paid_content":false,"footnotes":""},"categories":[1],"tags":[311,254,253],"class_list":["post-3151","post","type-post","status-publish","format-standard","has-post-thumbnail","hentry","category-neu_ort","tag-bundestag","tag-bundestagswahl","tag-michael-sacher"],"jetpack_featured_media_url":"https:\/\/gruene-schwerte.de\/wp-content\/uploads\/2021\/04\/image2-scaled.jpeg","jetpack_sharing_enabled":true,"_links":{"self":[{"href":"https:\/\/gruene-schwerte.de\/index.php\/wp-json\/wp\/v2\/posts\/3151","targetHints":{"allow":["GET"]}}],"collection":[{"href":"https:\/\/gruene-schwerte.de\/index.php\/wp-json\/wp\/v2\/posts"}],"about":[{"href":"https:\/\/gruene-schwerte.de\/index.php\/wp-json\/wp\/v2\/types\/post"}],"author":[{"embeddable":true,"href":"https:\/\/gruene-schwerte.de\/index.php\/wp-json\/wp\/v2\/users\/2"}],"replies":[{"embeddable":true,"href":"https:\/\/gruene-schwerte.de\/index.php\/wp-json\/wp\/v2\/comments?post=3151"}],"version-history":[{"count":1,"href":"https:\/\/gruene-schwerte.de\/index.php\/wp-json\/wp\/v2\/posts\/3151\/revisions"}],"predecessor-version":[{"id":3152,"href":"https:\/\/gruene-schwerte.de\/index.php\/wp-json\/wp\/v2\/posts\/3151\/revisions\/3152"}],"wp:featuredmedia":[{"embeddable":true,"href":"https:\/\/gruene-schwerte.de\/index.php\/wp-json\/wp\/v2\/media\/2300"}],"wp:attachment":[{"href":"https:\/\/gruene-schwerte.de\/index.php\/wp-json\/wp\/v2\/media?parent=3151"}],"wp:term":[{"taxonomy":"category","embeddable":true,"href":"https:\/\/gruene-schwerte.de\/index.php\/wp-json\/wp\/v2\/categories?post=3151"},{"taxonomy":"post_tag","embeddable":true,"href":"https:\/\/gruene-schwerte.de\/index.php\/wp-json\/wp\/v2\/tags?post=3151"}],"curies":[{"name":"wp","href":"https:\/\/api.w.org\/{rel}","templated":true}]}}