{"id":3072,"date":"2021-09-27T17:52:56","date_gmt":"2021-09-27T15:52:56","guid":{"rendered":"http:\/\/gruene-schwerte.de\/?p=3072"},"modified":"2021-09-27T17:54:13","modified_gmt":"2021-09-27T15:54:13","slug":"michael-sacher-zieht-in-den-20-deutschen-bundestag","status":"publish","type":"post","link":"https:\/\/gruene-schwerte.de\/index.php\/michael-sacher-zieht-in-den-20-deutschen-bundestag\/","title":{"rendered":"Michael Sacher zieht in den 20. deutschen Bundestag"},"content":{"rendered":"\n<p>Gestern noch Buchh\u00e4ndler, heute schon Mitglied des Bundestags: Nach einer langen Nacht der Ungewissheit steht nun fest: Michael Sacher zieht \u00fcber die Landesliste der Gr\u00fcnen NRW in den Bundestag ein.<br><br>Erst am fr\u00fchen Montagmorgen stand das Ergebnis und sein sicherer Einzug in den 20. deutschen Bundestag fest. Wenige Stunden sp\u00e4ter geht es bereits per ICE Richtung Berlin, wo sich schon heute die neu gew\u00e4hlten Mitglieder GR\u00dcNEN Fraktion treffen.<br><br>Michael Sacher ist selbst noch v\u00f6llig \u00fcberw\u00e4ltigt vom Ergebnis: &#8222;Ich danke allen Menschen, die mich bei meiner Kandidatur unterst\u00fctzt haben und mir ihr Vertrauen geschenkt haben. In Berlin werde ich jetzt das angehen, was ich versprochen habe: Eine wirkliche Wende herbeif\u00fchren und an einer guten Zukunft zu arbeiten &#8211; gerade auch f\u00fcr die jungen Menschen.&#8220;<br><br>Die Parteivorsitzenden Regina Ranft und Maximilian Ziel sind stolz auf die Leistungen des Unnaer Buchh\u00e4ndlers und w\u00fcnschen ihm auf seinem Weg bestm\u00f6gliche Ergebnisse &#8211; f\u00fcr Deutschland und nat\u00fcrlich auch f\u00fcr Unna.<\/p>\n","protected":false},"excerpt":{"rendered":"<p>Gestern noch Buchh\u00e4ndler, heute schon Mitglied des Bundestags: Nach einer langen Nacht der Ungewissheit steht nun fest: Michael Sacher zieht \u00fcber die Landesliste der Gr\u00fcnen NRW in den Bundestag ein. [&hellip;]<\/p>\n","protected":false},"author":-1,"featured_media":3073,"comment_status":"open","ping_status":"open","sticky":false,"template":"","format":"standard","meta":{"ngg_post_thumbnail":0,"_jetpack_memberships_contains_paid_content":false,"footnotes":""},"categories":[1],"tags":[311,254,253],"class_list":["post-3072","post","type-post","status-publish","format-standard","has-post-thumbnail","hentry","category-neu_ort","tag-bundestag","tag-bundestagswahl","tag-michael-sacher"],"jetpack_featured_media_url":"https:\/\/gruene-schwerte.de\/wp-content\/uploads\/2021\/09\/Michael-Sacher_27.09.21-scaled.jpg","jetpack_sharing_enabled":true,"_links":{"self":[{"href":"https:\/\/gruene-schwerte.de\/index.php\/wp-json\/wp\/v2\/posts\/3072","targetHints":{"allow":["GET"]}}],"collection":[{"href":"https:\/\/gruene-schwerte.de\/index.php\/wp-json\/wp\/v2\/posts"}],"about":[{"href":"https:\/\/gruene-schwerte.de\/index.php\/wp-json\/wp\/v2\/types\/post"}],"author":[{"embeddable":true,"href":"https:\/\/gruene-schwerte.de\/index.php\/wp-json\/wp\/v2\/users\/2"}],"replies":[{"embeddable":true,"href":"https:\/\/gruene-schwerte.de\/index.php\/wp-json\/wp\/v2\/comments?post=3072"}],"version-history":[{"count":2,"href":"https:\/\/gruene-schwerte.de\/index.php\/wp-json\/wp\/v2\/posts\/3072\/revisions"}],"predecessor-version":[{"id":3075,"href":"https:\/\/gruene-schwerte.de\/index.php\/wp-json\/wp\/v2\/posts\/3072\/revisions\/3075"}],"wp:featuredmedia":[{"embeddable":true,"href":"https:\/\/gruene-schwerte.de\/index.php\/wp-json\/wp\/v2\/media\/3073"}],"wp:attachment":[{"href":"https:\/\/gruene-schwerte.de\/index.php\/wp-json\/wp\/v2\/media?parent=3072"}],"wp:term":[{"taxonomy":"category","embeddable":true,"href":"https:\/\/gruene-schwerte.de\/index.php\/wp-json\/wp\/v2\/categories?post=3072"},{"taxonomy":"post_tag","embeddable":true,"href":"https:\/\/gruene-schwerte.de\/index.php\/wp-json\/wp\/v2\/tags?post=3072"}],"curies":[{"name":"wp","href":"https:\/\/api.w.org\/{rel}","templated":true}]}}