{"id":3069,"date":"2021-09-27T12:34:16","date_gmt":"2021-09-27T10:34:16","guid":{"rendered":"http:\/\/gruene-schwerte.de\/?p=3069"},"modified":"2021-09-27T12:34:21","modified_gmt":"2021-09-27T10:34:21","slug":"danke-schwerte","status":"publish","type":"post","link":"https:\/\/gruene-schwerte.de\/index.php\/danke-schwerte\/","title":{"rendered":"Danke, Schwerte!"},"content":{"rendered":"\n<p>Es war ein Wahlabend der gemischten Gef\u00fchle, aber an seinem Ende \u00fcberwiegt bei den Schwerter Gr\u00fcnen die Freude: Sozial gerechter Klimaschutz hat eine starke Stimme im n\u00e4chsten Bundestag. Michael Sacher zieht \u00fcber die Landesliste in den Bundestag ein und wird Schwerte dort in den n\u00e4chsten vier Jahren vertreten.<br><br>Grund zur Freude ist auch, dass die Schwerterinnen und Schwerter ein deutliches Votum f\u00fcr Gr\u00fcne Politik abgegeben haben. Mit 16,2% der Zweitstimmen kn\u00fcpfen die Gr\u00fcnen in Schwerte an das starke Ergebnis der Kommunalwahl an. Wir haben in Schwerte fast 2300 Stimmen hinzugewonnen, der gr\u00f6\u00dfte Zuwachs aller Parteien. Danke! Das ist ein Zeichen, dass es sich lohnt, an der Seite der B\u00fcrger*innen zu stehen!<\/p>\n","protected":false},"excerpt":{"rendered":"<p>Es war ein Wahlabend der gemischten Gef\u00fchle, aber an seinem Ende \u00fcberwiegt bei den Schwerter Gr\u00fcnen die Freude: Sozial gerechter Klimaschutz hat eine starke Stimme im n\u00e4chsten Bundestag. Michael Sacher [&hellip;]<\/p>\n","protected":false},"author":-1,"featured_media":3070,"comment_status":"open","ping_status":"open","sticky":false,"template":"","format":"standard","meta":{"ngg_post_thumbnail":0,"_jetpack_memberships_contains_paid_content":false,"footnotes":""},"categories":[1],"tags":[254,253,310],"class_list":["post-3069","post","type-post","status-publish","format-standard","has-post-thumbnail","hentry","category-neu_ort","tag-bundestagswahl","tag-michael-sacher","tag-wahl"],"jetpack_featured_media_url":"https:\/\/gruene-schwerte.de\/wp-content\/uploads\/2021\/09\/danke-schwerte-allgemein-quadratisch.png","jetpack_sharing_enabled":true,"_links":{"self":[{"href":"https:\/\/gruene-schwerte.de\/index.php\/wp-json\/wp\/v2\/posts\/3069","targetHints":{"allow":["GET"]}}],"collection":[{"href":"https:\/\/gruene-schwerte.de\/index.php\/wp-json\/wp\/v2\/posts"}],"about":[{"href":"https:\/\/gruene-schwerte.de\/index.php\/wp-json\/wp\/v2\/types\/post"}],"author":[{"embeddable":true,"href":"https:\/\/gruene-schwerte.de\/index.php\/wp-json\/wp\/v2\/users\/2"}],"replies":[{"embeddable":true,"href":"https:\/\/gruene-schwerte.de\/index.php\/wp-json\/wp\/v2\/comments?post=3069"}],"version-history":[{"count":1,"href":"https:\/\/gruene-schwerte.de\/index.php\/wp-json\/wp\/v2\/posts\/3069\/revisions"}],"predecessor-version":[{"id":3071,"href":"https:\/\/gruene-schwerte.de\/index.php\/wp-json\/wp\/v2\/posts\/3069\/revisions\/3071"}],"wp:featuredmedia":[{"embeddable":true,"href":"https:\/\/gruene-schwerte.de\/index.php\/wp-json\/wp\/v2\/media\/3070"}],"wp:attachment":[{"href":"https:\/\/gruene-schwerte.de\/index.php\/wp-json\/wp\/v2\/media?parent=3069"}],"wp:term":[{"taxonomy":"category","embeddable":true,"href":"https:\/\/gruene-schwerte.de\/index.php\/wp-json\/wp\/v2\/categories?post=3069"},{"taxonomy":"post_tag","embeddable":true,"href":"https:\/\/gruene-schwerte.de\/index.php\/wp-json\/wp\/v2\/tags?post=3069"}],"curies":[{"name":"wp","href":"https:\/\/api.w.org\/{rel}","templated":true}]}}