{"id":3020,"date":"2021-09-21T19:04:29","date_gmt":"2021-09-21T17:04:29","guid":{"rendered":"http:\/\/gruene-schwerte.de\/?p=3020"},"modified":"2021-09-21T19:04:32","modified_gmt":"2021-09-21T17:04:32","slug":"stellungnahme-der-gruenen-schwerte-zum-ende-der-kooperation-zwischen-spd-und-cdu","status":"publish","type":"post","link":"https:\/\/gruene-schwerte.de\/index.php\/stellungnahme-der-gruenen-schwerte-zum-ende-der-kooperation-zwischen-spd-und-cdu\/","title":{"rendered":"Stellungnahme der Gr\u00fcnen Schwerte zum Ende der Kooperation zwischen SPD und CDU"},"content":{"rendered":"\n<p><br><br>Als sich SPD und CDU im Februar zur Kooperation entschlossen, haben wir bef\u00fcrchtet, dass in Zukunft viele Stimmen nicht mehr geh\u00f6rt werden w\u00fcrden. Genau das ist auch eingetreten. Kritik konnte beiseite geschoben werden, Diskussionen und das Ringen um die beste L\u00f6sung f\u00fcr die Stadt waren aufgrund der Ratsmehrheit nicht mehr n\u00f6tig und manchen zu anstrengend. Statt auf Sachargumente st\u00fctzten sich Entscheidungen alleine auf den Machtanspruch von SPD und CDU. Das Resultat ist, dass sich viele nicht mehr mitgenommen, geh\u00f6rt oder vertreten f\u00fchlen.<br><br>Nicht einmal acht Monate nach der ohne Not geschlossenen Kooperationsvereinbarung erfolgt nun die Trennung. Jetzt gilt es, wieder so Politik zu machen, dass das in nur ein paar Monaten nachhaltig gest\u00f6rte Verh\u00e4ltnis zwischen Politik, Verwaltung und den Menschen in dieser Stadt, f\u00fcr die Politik und Verwaltung arbeiten sollten, wieder repariert werden kann.<br><br>Diskussionen m\u00fcssen wieder stattfinden, und zwar nicht nur innerhalb der Politik, sondern auch mit den B\u00fcrgerinnen und B\u00fcrgern. Bevor wichtige Entscheidungen getroffen werden, nicht erst hinterher. Dabei muss der Austausch von Argumenten und ein vern\u00fcnftiger Interessenausgleich wichtiger sein als das Durchdr\u00fccken der eigenen Position und das Demonstrieren der eigenen Machtposition. Politik und Verwaltung m\u00fcssen sich um echte Transparenz bem\u00fchen und die Ideen und Sichtweisen der B\u00fcrgerinnen und B\u00fcrger wieder als Bereicherung sehen, nicht als St\u00f6rfaktor. Das kann anstrengend sein. Den Kurs der Stadt in gem\u00fctlichen Koalitionsrunden zu beschlie\u00dfen ist einfacher. Wenn es aber jetzt gelingt, durch Austausch, Gespr\u00e4ch und Kompromiss gemeinsam eine gute Antwort auf die vielen Herausforderungen der Zukunft zu finden, ist es die M\u00fche mehr als wert.<\/p>\n","protected":false},"excerpt":{"rendered":"<p>Als sich SPD und CDU im Februar zur Kooperation entschlossen, haben wir bef\u00fcrchtet, dass in Zukunft viele Stimmen nicht mehr geh\u00f6rt werden w\u00fcrden. Genau das ist auch eingetreten. Kritik konnte [&hellip;]<\/p>\n","protected":false},"author":-1,"featured_media":2213,"comment_status":"open","ping_status":"open","sticky":false,"template":"","format":"standard","meta":{"ngg_post_thumbnail":0,"_jetpack_memberships_contains_paid_content":false,"footnotes":""},"categories":[1],"tags":[308,21],"class_list":["post-3020","post","type-post","status-publish","format-standard","has-post-thumbnail","hentry","category-neu_ort","tag-koalition","tag-rat"],"jetpack_featured_media_url":"https:\/\/gruene-schwerte.de\/wp-content\/uploads\/2021\/02\/instagram-bild-1.png","jetpack_sharing_enabled":true,"_links":{"self":[{"href":"https:\/\/gruene-schwerte.de\/index.php\/wp-json\/wp\/v2\/posts\/3020","targetHints":{"allow":["GET"]}}],"collection":[{"href":"https:\/\/gruene-schwerte.de\/index.php\/wp-json\/wp\/v2\/posts"}],"about":[{"href":"https:\/\/gruene-schwerte.de\/index.php\/wp-json\/wp\/v2\/types\/post"}],"author":[{"embeddable":true,"href":"https:\/\/gruene-schwerte.de\/index.php\/wp-json\/wp\/v2\/users\/2"}],"replies":[{"embeddable":true,"href":"https:\/\/gruene-schwerte.de\/index.php\/wp-json\/wp\/v2\/comments?post=3020"}],"version-history":[{"count":1,"href":"https:\/\/gruene-schwerte.de\/index.php\/wp-json\/wp\/v2\/posts\/3020\/revisions"}],"predecessor-version":[{"id":3021,"href":"https:\/\/gruene-schwerte.de\/index.php\/wp-json\/wp\/v2\/posts\/3020\/revisions\/3021"}],"wp:featuredmedia":[{"embeddable":true,"href":"https:\/\/gruene-schwerte.de\/index.php\/wp-json\/wp\/v2\/media\/2213"}],"wp:attachment":[{"href":"https:\/\/gruene-schwerte.de\/index.php\/wp-json\/wp\/v2\/media?parent=3020"}],"wp:term":[{"taxonomy":"category","embeddable":true,"href":"https:\/\/gruene-schwerte.de\/index.php\/wp-json\/wp\/v2\/categories?post=3020"},{"taxonomy":"post_tag","embeddable":true,"href":"https:\/\/gruene-schwerte.de\/index.php\/wp-json\/wp\/v2\/tags?post=3020"}],"curies":[{"name":"wp","href":"https:\/\/api.w.org\/{rel}","templated":true}]}}