{"id":2957,"date":"2021-09-14T10:22:02","date_gmt":"2021-09-14T08:22:02","guid":{"rendered":"http:\/\/gruene-schwerte.de\/?p=2957"},"modified":"2021-09-14T10:22:07","modified_gmt":"2021-09-14T08:22:07","slug":"bienen-in-der-stadt","status":"publish","type":"post","link":"https:\/\/gruene-schwerte.de\/index.php\/bienen-in-der-stadt\/","title":{"rendered":"Bienen in der Stadt"},"content":{"rendered":"\n<p>Spannende Informationen rund um das Thema \u201eBienen in der Stadt\u201c gab es bei unserer Bienenf\u00fchrung am Sonntag. Angefangen bei den Pflanzen, die den Bienen in der Innenstadt das Jahr \u00fcber Nahrung bieten, zeigte sich, dass die Nahrungsquellen f\u00fcr Honigbienen in der Stadt vielf\u00e4ltig sind. Oftmals vielf\u00e4ltiger als auf dem Land, wo Monokulturen und Pestizideinsatz es Bienen und anderen Insekten schwer machen.<br><br>Zur Sprache kamen auch die Unterschiede zwischen Wild- und Honigbienen und die Bedeutung beider f\u00fcr die Artenvielfalt. Zahlreiche Fragen gab es dazu, wie die Aufgabenteilung in einem Bienenvolk funktioniert und was Imker*innen das Jahr \u00fcber zu tun haben. Zum Abschluss durfte die Honigprobe nat\u00fcrlich nicht fehlen.<\/p>\n","protected":false},"excerpt":{"rendered":"<p>Spannende Informationen rund um das Thema \u201eBienen in der Stadt\u201c gab es bei unserer Bienenf\u00fchrung am Sonntag. Angefangen bei den Pflanzen, die den Bienen in der Innenstadt das Jahr \u00fcber [&hellip;]<\/p>\n","protected":false},"author":-1,"featured_media":2958,"comment_status":"open","ping_status":"open","sticky":false,"template":"","format":"standard","meta":{"ngg_post_thumbnail":0,"_jetpack_memberships_contains_paid_content":false,"footnotes":""},"categories":[1],"tags":[260,46,296],"class_list":["post-2957","post","type-post","status-publish","format-standard","has-post-thumbnail","hentry","category-neu_ort","tag-bienen","tag-schwerte","tag-veranstaltung"],"jetpack_featured_media_url":"https:\/\/gruene-schwerte.de\/wp-content\/uploads\/2021\/09\/threema-20210914-090740254-e1631607687377.jpg","jetpack_sharing_enabled":true,"_links":{"self":[{"href":"https:\/\/gruene-schwerte.de\/index.php\/wp-json\/wp\/v2\/posts\/2957","targetHints":{"allow":["GET"]}}],"collection":[{"href":"https:\/\/gruene-schwerte.de\/index.php\/wp-json\/wp\/v2\/posts"}],"about":[{"href":"https:\/\/gruene-schwerte.de\/index.php\/wp-json\/wp\/v2\/types\/post"}],"author":[{"embeddable":true,"href":"https:\/\/gruene-schwerte.de\/index.php\/wp-json\/wp\/v2\/users\/2"}],"replies":[{"embeddable":true,"href":"https:\/\/gruene-schwerte.de\/index.php\/wp-json\/wp\/v2\/comments?post=2957"}],"version-history":[{"count":1,"href":"https:\/\/gruene-schwerte.de\/index.php\/wp-json\/wp\/v2\/posts\/2957\/revisions"}],"predecessor-version":[{"id":2959,"href":"https:\/\/gruene-schwerte.de\/index.php\/wp-json\/wp\/v2\/posts\/2957\/revisions\/2959"}],"wp:featuredmedia":[{"embeddable":true,"href":"https:\/\/gruene-schwerte.de\/index.php\/wp-json\/wp\/v2\/media\/2958"}],"wp:attachment":[{"href":"https:\/\/gruene-schwerte.de\/index.php\/wp-json\/wp\/v2\/media?parent=2957"}],"wp:term":[{"taxonomy":"category","embeddable":true,"href":"https:\/\/gruene-schwerte.de\/index.php\/wp-json\/wp\/v2\/categories?post=2957"},{"taxonomy":"post_tag","embeddable":true,"href":"https:\/\/gruene-schwerte.de\/index.php\/wp-json\/wp\/v2\/tags?post=2957"}],"curies":[{"name":"wp","href":"https:\/\/api.w.org\/{rel}","templated":true}]}}