{"id":2938,"date":"2021-09-06T15:00:59","date_gmt":"2021-09-06T13:00:59","guid":{"rendered":"http:\/\/gruene-schwerte.de\/?p=2938"},"modified":"2021-09-06T15:01:04","modified_gmt":"2021-09-06T13:01:04","slug":"bienen-honig-und-die-stadt-themenfuehrung-fuer-gross-und-klein","status":"publish","type":"post","link":"https:\/\/gruene-schwerte.de\/index.php\/bienen-honig-und-die-stadt-themenfuehrung-fuer-gross-und-klein\/","title":{"rendered":"Bienen, Honig und die Stadt: Themenf\u00fchrung f\u00fcr Gro\u00df und Klein"},"content":{"rendered":"\n<p>Sei dabei, wenn wir einen Ausflug in die faszinierende Welt der Bienen unternehmen! Gemeinsam mit einem Imker schauen wir uns an, wo Bienen in der Stadt leben und Futter finden, welche Pflanzen f\u00fcr sie n\u00fctzlich sind und wie das mit dem Honig zusammenh\u00e4ngt, der auf unserem Fr\u00fchst\u00fcckstisch steht. &nbsp;Au\u00dferdem werfen wir einen Blick in einen Bienenstand und erfahren, wie ein Bienenvolk funktioniert.<\/p>\n\n\n\n<p>Treffpunkt ist am Sonntag, 12. September 2021, um 14:00 Uhr an der GR\u00dcNFl\u00e4che, Haselackstr. 5 in Schwerte. Um Anmeldung an <a href=\"#\" data-unscramble=\"ed.etrewhcs-eneurg@oreub\" target=\"_blank\" rel=\"noreferrer noopener\">buero@gruene-schwerte.de<\/a> wird gebeten.<\/p>\n","protected":false},"excerpt":{"rendered":"<p>Sei dabei, wenn wir einen Ausflug in die faszinierende Welt der Bienen unternehmen! Gemeinsam mit einem Imker schauen wir uns an, wo Bienen in der Stadt leben und Futter finden, [&hellip;]<\/p>\n","protected":false},"author":-1,"featured_media":2939,"comment_status":"open","ping_status":"open","sticky":false,"template":"","format":"standard","meta":{"ngg_post_thumbnail":0,"_jetpack_memberships_contains_paid_content":false,"footnotes":""},"categories":[1],"tags":[260,291,299,296],"class_list":["post-2938","post","type-post","status-publish","format-standard","has-post-thumbnail","hentry","category-neu_ort","tag-bienen","tag-gruenflaeche","tag-imker","tag-veranstaltung"],"jetpack_featured_media_url":"https:\/\/gruene-schwerte.de\/wp-content\/uploads\/2021\/09\/bienen-honig-u-instagram-bild.png","jetpack_sharing_enabled":true,"_links":{"self":[{"href":"https:\/\/gruene-schwerte.de\/index.php\/wp-json\/wp\/v2\/posts\/2938","targetHints":{"allow":["GET"]}}],"collection":[{"href":"https:\/\/gruene-schwerte.de\/index.php\/wp-json\/wp\/v2\/posts"}],"about":[{"href":"https:\/\/gruene-schwerte.de\/index.php\/wp-json\/wp\/v2\/types\/post"}],"author":[{"embeddable":true,"href":"https:\/\/gruene-schwerte.de\/index.php\/wp-json\/wp\/v2\/users\/2"}],"replies":[{"embeddable":true,"href":"https:\/\/gruene-schwerte.de\/index.php\/wp-json\/wp\/v2\/comments?post=2938"}],"version-history":[{"count":1,"href":"https:\/\/gruene-schwerte.de\/index.php\/wp-json\/wp\/v2\/posts\/2938\/revisions"}],"predecessor-version":[{"id":2940,"href":"https:\/\/gruene-schwerte.de\/index.php\/wp-json\/wp\/v2\/posts\/2938\/revisions\/2940"}],"wp:featuredmedia":[{"embeddable":true,"href":"https:\/\/gruene-schwerte.de\/index.php\/wp-json\/wp\/v2\/media\/2939"}],"wp:attachment":[{"href":"https:\/\/gruene-schwerte.de\/index.php\/wp-json\/wp\/v2\/media?parent=2938"}],"wp:term":[{"taxonomy":"category","embeddable":true,"href":"https:\/\/gruene-schwerte.de\/index.php\/wp-json\/wp\/v2\/categories?post=2938"},{"taxonomy":"post_tag","embeddable":true,"href":"https:\/\/gruene-schwerte.de\/index.php\/wp-json\/wp\/v2\/tags?post=2938"}],"curies":[{"name":"wp","href":"https:\/\/api.w.org\/{rel}","templated":true}]}}