{"id":2928,"date":"2021-08-31T11:57:04","date_gmt":"2021-08-31T09:57:04","guid":{"rendered":"http:\/\/gruene-schwerte.de\/?p=2928"},"modified":"2021-08-31T11:57:07","modified_gmt":"2021-08-31T09:57:07","slug":"veranstaltungshinweis-kulturratschlag-mit-michael-sacher","status":"publish","type":"post","link":"https:\/\/gruene-schwerte.de\/index.php\/veranstaltungshinweis-kulturratschlag-mit-michael-sacher\/","title":{"rendered":"Veranstaltungshinweis: Kulturratschlag mit Michael Sacher"},"content":{"rendered":"\n<p>Die pandemische Situation hat klargemacht: Die Kultur als Ganzes ist einer der wichtigsten, umsatzst\u00e4rksten Wirtschaftsbereiche in Deutschland. Gleichzeitig sind K\u00fcnstler*innen und Soloselbstst\u00e4ndige mit ihren N\u00f6ten und<br>Problemen teilweise gar nicht wahrgenommen worden oder sind durch viele F\u00f6rderraster durchgefallen. Jenseits der reinen Existenzf\u00f6rderung, schien Kultur aber auch immer unter den nicht so wichtigen Dingen eingeordnet zu werden, als \u201enice to have\u201c, aber nicht als elementare Grundlage unseres gesellschaftlichen Lebens.<\/p>\n\n\n\n<p>Was k\u00f6nnen wir also besser machen? Mit und nach Corona. Angefangen bei der K\u00fcnstlersozialkasse, bis hin zur Altersabsicherung. F\u00f6rderung von Kultur im Allgemeinen und in all ihrer Diversit\u00e4t. Aber dar\u00fcber hinaus auch in der Gewichtung von Kultur im gesellschaftlichen Zusammenhang. Kultur als die Sinn-Maschine unseres Lebens.<\/p>\n\n\n\n<p>Um dar\u00fcber ins Gespr\u00e4ch zu kommen veranstaltet der Kreisverband Unna von B\u00dcNDNIS 90\/ DIE GR\u00dcNEN folgende Veranstaltung mit Michael Sacher: als Ansprechpartner f\u00fcr die Kultur vor Ort, hoffentlich bald auch in Berlin.\u00a0<\/p>\n\n\n\n<p class=\"has-text-align-center\"><strong>Kulturratschlag<br>Am <u>8. September, 19.30<\/u>\u00a0Uhr<br>im Schalander der Lindenbrauerei in Unna<\/strong><\/p>\n\n\n\n<p>Er stellte sich in Form eines moderierten Podiumsgespr\u00e4chs den Fragen und Anregungen der Kulturschaffenden, der Kulturszene und aller kulturinteressierte B\u00fcrger*innen aus dem Kreis Unna. Die Veranstaltung findet im Schalander der Lindenbrauerei in Unna statt und soll einen offenen und lockeren Charakter haben. F\u00fcr einen musikalische Beitrag ist gesorgt und die Gastst\u00e4tte ist exklusiv f\u00fcr diese Veranstaltung mit Self-service f\u00fcr alle Interessierten ge\u00f6ffnet.<\/p>\n\n\n\n<p>Im Anschluss steht Michael Sacher auch noch f\u00fcr pers\u00f6nliche Gespr\u00e4che zur Verf\u00fcgung.<\/p>\n\n\n\n<p><\/p>\n\n\n\n<p><\/p>\n","protected":false},"excerpt":{"rendered":"<p>Die pandemische Situation hat klargemacht: Die Kultur als Ganzes ist einer der wichtigsten, umsatzst\u00e4rksten Wirtschaftsbereiche in Deutschland. Gleichzeitig sind K\u00fcnstler*innen und Soloselbstst\u00e4ndige mit ihren N\u00f6ten undProblemen teilweise gar nicht wahrgenommen [&hellip;]<\/p>\n","protected":false},"author":-1,"featured_media":2929,"comment_status":"open","ping_status":"open","sticky":false,"template":"","format":"standard","meta":{"ngg_post_thumbnail":0,"_jetpack_memberships_contains_paid_content":false,"footnotes":""},"categories":[1],"tags":[254,297,298,253],"class_list":["post-2928","post","type-post","status-publish","format-standard","has-post-thumbnail","hentry","category-neu_ort","tag-bundestagswahl","tag-kultur","tag-kulturratschlag","tag-michael-sacher"],"jetpack_featured_media_url":"https:\/\/gruene-schwerte.de\/wp-content\/uploads\/2021\/08\/kulturratschla-instagram-bild-1.png","jetpack_sharing_enabled":true,"_links":{"self":[{"href":"https:\/\/gruene-schwerte.de\/index.php\/wp-json\/wp\/v2\/posts\/2928","targetHints":{"allow":["GET"]}}],"collection":[{"href":"https:\/\/gruene-schwerte.de\/index.php\/wp-json\/wp\/v2\/posts"}],"about":[{"href":"https:\/\/gruene-schwerte.de\/index.php\/wp-json\/wp\/v2\/types\/post"}],"author":[{"embeddable":true,"href":"https:\/\/gruene-schwerte.de\/index.php\/wp-json\/wp\/v2\/users\/2"}],"replies":[{"embeddable":true,"href":"https:\/\/gruene-schwerte.de\/index.php\/wp-json\/wp\/v2\/comments?post=2928"}],"version-history":[{"count":1,"href":"https:\/\/gruene-schwerte.de\/index.php\/wp-json\/wp\/v2\/posts\/2928\/revisions"}],"predecessor-version":[{"id":2930,"href":"https:\/\/gruene-schwerte.de\/index.php\/wp-json\/wp\/v2\/posts\/2928\/revisions\/2930"}],"wp:featuredmedia":[{"embeddable":true,"href":"https:\/\/gruene-schwerte.de\/index.php\/wp-json\/wp\/v2\/media\/2929"}],"wp:attachment":[{"href":"https:\/\/gruene-schwerte.de\/index.php\/wp-json\/wp\/v2\/media?parent=2928"}],"wp:term":[{"taxonomy":"category","embeddable":true,"href":"https:\/\/gruene-schwerte.de\/index.php\/wp-json\/wp\/v2\/categories?post=2928"},{"taxonomy":"post_tag","embeddable":true,"href":"https:\/\/gruene-schwerte.de\/index.php\/wp-json\/wp\/v2\/tags?post=2928"}],"curies":[{"name":"wp","href":"https:\/\/api.w.org\/{rel}","templated":true}]}}