{"id":2340,"date":"2021-04-25T16:03:30","date_gmt":"2021-04-25T14:03:30","guid":{"rendered":"http:\/\/gruene-schwerte.de\/?p=2340"},"modified":"2021-04-25T16:03:39","modified_gmt":"2021-04-25T14:03:39","slug":"gruene-stiften-bienen-fuer-die-schwerter-city","status":"publish","type":"post","link":"https:\/\/gruene-schwerte.de\/index.php\/gruene-stiften-bienen-fuer-die-schwerter-city\/","title":{"rendered":"Gr\u00fcne stiften Bienen f\u00fcr die Schwerter City"},"content":{"rendered":"<p>&nbsp;<\/p>\n<p>Die Schwerter Innenstadt hat einige hundert neue Bewohnerinnen: Ein von den Schwerter Gr\u00fcnen gestiftetes Bienenvolk hat k\u00fcrzlich in direkter Nachbarschaft zur H\u00fcsingstra\u00dfe seinen Standort gefunden.<\/p>\n<p>Ihre Nahrung finden die Bienen auf bepflanzten Balkonen und in bl\u00fchenden G\u00e4rten, vor allem aber dank der Gr\u00fcnfl\u00e4chen und B\u00e4ume der City. Die Bienen wiederum sind willkommene Beute f\u00fcr heimische V\u00f6gel. Rund um den Bienenstock ist das lebhaft zu beobachten.<\/p>\n<p>Das zeigt: Innenst\u00e4dte k\u00f6nnen ein wichtiger Lebensraum f\u00fcr Tiere und Pflanzen sein. St\u00e4dtisches Gr\u00fcn dient dem Stadtklima und tr\u00e4gt zum Artenschutz bei. Statt es zu zerst\u00f6ren, indem jahrzehntealte B\u00e4ume dem Marktplatzumbau weichen m\u00fcssen oder Pferdek\u00e4mpers Wiese bebaut wird, muss die Stadt Schwerte es sch\u00fctzen und erweitern.<\/p>\n<p>Lebenswerte Innenst\u00e4dte f\u00fcr Menschen, Tiere und Pflanzen. Das wird auch ein Thema der Schwerter Gr\u00fcnen im Bundestagswahlkampf sein. Rechtzeitig zum Bundestagswahlkampf k\u00f6nnte es auch den ersten Honig der Gr\u00fcnen Bienen geben. Er wird eine Kostprobe sein f\u00fcr all das, was gr\u00fcne Innenst\u00e4dte zu bieten haben.<\/p>\n<p>Sorge vor Bienenstichen muss \u00fcbrigens niemand haben. Bienen sind sehr friedlich. F\u00fcr das Fr\u00fchst\u00fcck im Garten und das Grillgut interessieren sie sich nicht.<\/p>\n","protected":false},"excerpt":{"rendered":"<p>&nbsp; Die Schwerter Innenstadt hat einige hundert neue Bewohnerinnen: Ein von den Schwerter Gr\u00fcnen gestiftetes Bienenvolk hat k\u00fcrzlich in direkter Nachbarschaft zur H\u00fcsingstra\u00dfe seinen Standort gefunden. Ihre Nahrung finden die [&hellip;]<\/p>\n","protected":false},"author":-1,"featured_media":2341,"comment_status":"open","ping_status":"open","sticky":false,"template":"","format":"standard","meta":{"ngg_post_thumbnail":0,"_jetpack_memberships_contains_paid_content":false,"footnotes":""},"categories":[1],"tags":[260,261,60],"class_list":["post-2340","post","type-post","status-publish","format-standard","has-post-thumbnail","hentry","category-neu_ort","tag-bienen","tag-biodiversitaet","tag-innenstadt"],"jetpack_featured_media_url":"https:\/\/gruene-schwerte.de\/wp-content\/uploads\/2021\/04\/instagram-bild-7.png","jetpack_sharing_enabled":true,"_links":{"self":[{"href":"https:\/\/gruene-schwerte.de\/index.php\/wp-json\/wp\/v2\/posts\/2340","targetHints":{"allow":["GET"]}}],"collection":[{"href":"https:\/\/gruene-schwerte.de\/index.php\/wp-json\/wp\/v2\/posts"}],"about":[{"href":"https:\/\/gruene-schwerte.de\/index.php\/wp-json\/wp\/v2\/types\/post"}],"author":[{"embeddable":true,"href":"https:\/\/gruene-schwerte.de\/index.php\/wp-json\/wp\/v2\/users\/2"}],"replies":[{"embeddable":true,"href":"https:\/\/gruene-schwerte.de\/index.php\/wp-json\/wp\/v2\/comments?post=2340"}],"version-history":[{"count":2,"href":"https:\/\/gruene-schwerte.de\/index.php\/wp-json\/wp\/v2\/posts\/2340\/revisions"}],"predecessor-version":[{"id":2343,"href":"https:\/\/gruene-schwerte.de\/index.php\/wp-json\/wp\/v2\/posts\/2340\/revisions\/2343"}],"wp:featuredmedia":[{"embeddable":true,"href":"https:\/\/gruene-schwerte.de\/index.php\/wp-json\/wp\/v2\/media\/2341"}],"wp:attachment":[{"href":"https:\/\/gruene-schwerte.de\/index.php\/wp-json\/wp\/v2\/media?parent=2340"}],"wp:term":[{"taxonomy":"category","embeddable":true,"href":"https:\/\/gruene-schwerte.de\/index.php\/wp-json\/wp\/v2\/categories?post=2340"},{"taxonomy":"post_tag","embeddable":true,"href":"https:\/\/gruene-schwerte.de\/index.php\/wp-json\/wp\/v2\/tags?post=2340"}],"curies":[{"name":"wp","href":"https:\/\/api.w.org\/{rel}","templated":true}]}}