{"id":2296,"date":"2021-04-10T20:11:22","date_gmt":"2021-04-10T18:11:22","guid":{"rendered":"http:\/\/gruene-schwerte.de\/?p=2296"},"modified":"2021-04-11T10:15:28","modified_gmt":"2021-04-11T08:15:28","slug":"glueckwunsch-michael-sacher-auf-listenplatz-28","status":"publish","type":"post","link":"https:\/\/gruene-schwerte.de\/index.php\/glueckwunsch-michael-sacher-auf-listenplatz-28\/","title":{"rendered":"Gl\u00fcckwunsch! Michael Sacher auf Listenplatz 28!"},"content":{"rendered":"<p>Michael Sacher, Direktkandidat f\u00fcr den Bundestag f\u00fcr den s\u00fcdlichen Kreis Unna und damit auch Schwerte, ist auf Platz 28 der Landesliste gew\u00e4hlt worden. Wir freuen uns auf den Wahlkampf, ein starkes Ergebnis und auf eine Stimme f\u00fcr den Kreis, Kunst und Kultur in Berlin!<\/p>\n","protected":false},"excerpt":{"rendered":"<p>Michael Sacher, Direktkandidat f\u00fcr den Bundestag f\u00fcr den s\u00fcdlichen Kreis Unna und damit auch Schwerte, ist auf Platz 28 der Landesliste gew\u00e4hlt worden. Wir freuen uns auf den Wahlkampf, ein [&hellip;]<\/p>\n","protected":false},"author":-1,"featured_media":2297,"comment_status":"open","ping_status":"open","sticky":false,"template":"","format":"standard","meta":{"ngg_post_thumbnail":0,"_jetpack_memberships_contains_paid_content":false,"footnotes":""},"categories":[1],"tags":[254,253],"class_list":["post-2296","post","type-post","status-publish","format-standard","has-post-thumbnail","hentry","category-neu_ort","tag-bundestagswahl","tag-michael-sacher"],"jetpack_featured_media_url":"https:\/\/gruene-schwerte.de\/wp-content\/uploads\/2021\/04\/171427113_3869558946456724_1652277646065599333_n.jpg","jetpack_sharing_enabled":true,"_links":{"self":[{"href":"https:\/\/gruene-schwerte.de\/index.php\/wp-json\/wp\/v2\/posts\/2296","targetHints":{"allow":["GET"]}}],"collection":[{"href":"https:\/\/gruene-schwerte.de\/index.php\/wp-json\/wp\/v2\/posts"}],"about":[{"href":"https:\/\/gruene-schwerte.de\/index.php\/wp-json\/wp\/v2\/types\/post"}],"author":[{"embeddable":true,"href":"https:\/\/gruene-schwerte.de\/index.php\/wp-json\/wp\/v2\/users\/2"}],"replies":[{"embeddable":true,"href":"https:\/\/gruene-schwerte.de\/index.php\/wp-json\/wp\/v2\/comments?post=2296"}],"version-history":[{"count":1,"href":"https:\/\/gruene-schwerte.de\/index.php\/wp-json\/wp\/v2\/posts\/2296\/revisions"}],"predecessor-version":[{"id":2298,"href":"https:\/\/gruene-schwerte.de\/index.php\/wp-json\/wp\/v2\/posts\/2296\/revisions\/2298"}],"wp:featuredmedia":[{"embeddable":true,"href":"https:\/\/gruene-schwerte.de\/index.php\/wp-json\/wp\/v2\/media\/2297"}],"wp:attachment":[{"href":"https:\/\/gruene-schwerte.de\/index.php\/wp-json\/wp\/v2\/media?parent=2296"}],"wp:term":[{"taxonomy":"category","embeddable":true,"href":"https:\/\/gruene-schwerte.de\/index.php\/wp-json\/wp\/v2\/categories?post=2296"},{"taxonomy":"post_tag","embeddable":true,"href":"https:\/\/gruene-schwerte.de\/index.php\/wp-json\/wp\/v2\/tags?post=2296"}],"curies":[{"name":"wp","href":"https:\/\/api.w.org\/{rel}","templated":true}]}}