{"id":208,"date":"2018-04-10T12:14:25","date_gmt":"2018-04-10T10:14:25","guid":{"rendered":"http:\/\/test.gruene.schwerte.de\/?p=208"},"modified":"2019-11-18T22:31:28","modified_gmt":"2019-11-18T21:31:28","slug":"antrag-beitritt-der-stadt-schwerte-zur-verkehrsgesellschaft-kreis-unna-mbh-vku","status":"publish","type":"post","link":"https:\/\/gruene-schwerte.de\/index.php\/antrag-beitritt-der-stadt-schwerte-zur-verkehrsgesellschaft-kreis-unna-mbh-vku\/","title":{"rendered":"Antrag: Beitritt der Stadt Schwerte zur Verkehrsgesellschaft Kreis Unna mbH (VKU)"},"content":{"rendered":"<p>An die Vorsitzende<\/p>\n<p>des Ausschusses f\u00fcr Wirtschaft und Finanzen&nbsp;Frau Marianne Pohle<\/p>\n<p>Antrag: Beitritt der Stadt Schwerte zur Verkehrsgesellschaft Kreis Unna mbH (VKU)<\/p>\n<p>Ausschuss f\u00fcr Wirtschaft und Finanzen am 26.04.2018<\/p>\n<p>Sehr geehrte Frau Pohle,<span class=\"Apple-converted-space\">&nbsp;<\/span><\/p>\n<p>die Fraktion Die Gr\u00fcnen bittet Sie, den hier vorliegenden Antrag auf die Tagesordnung des AWF am 26.04.2018 zu nehmen und abstimmen zu lassen:<\/p>\n<p>Antrag<\/p>\n<p>Die Stadt Schwerte tritt der Verkehrsgesellschaft Kreis Unna mbH (VKU) umgehend als Gesellschafter bei.<\/p>\n<p>Der Gesellschafteranteil ist ausgerichtet an der Bev\u00f6lkerungszahl der Stadt Schwerte angemessen gewichtet in der VKU zu realisieren.<\/p>\n<p>Begr\u00fcndung<\/p>\n<p>Die \u00d6PNV-Verbindungen in Schwerte m\u00fcssen dringend optimiert werden. Da die Stadt Schwerte bisher nicht Gesellschafter in der VKU ist \u2013 von dieser aber versorgt wird -, k\u00f6nnen Gestaltungs- und Mitbestimmungsm\u00f6glichkeiten innerhalb der VKU nicht wahrgenommen werden. Als k\u00fcnftiger Mitgesellschafter k\u00f6nnte die Stadt Schwerte ihre Interessen besser vertreten und umsetzen.<\/p>\n<p>Die VKU-Gesellschafteranteile sind nach Gr\u00f6\u00dfe der Mitgliedskommunen gestaltet \u2013 deshalb sollte die Stadt Schwerte sich entsprechend ihrer Gr\u00f6\u00dfe einbringen, um die Mitentscheidungsm\u00f6glichkeiten auszusch\u00f6pfen.<\/p>\n<p>Mit freundlichen Gr\u00fc\u00dfen<\/p>\n<p><a href=\"http:\/\/gruene-schwerte.de\/ratsfraktion\/fraktionsmitglied-1\/\">Andrea Hosang<\/a><\/p>\n<p>Fraktionsvorsitzende<\/p>\n","protected":false},"excerpt":{"rendered":"<p>An die Vorsitzende des Ausschusses f\u00fcr Wirtschaft und Finanzen&nbsp;Frau Marianne Pohle Antrag: Beitritt der Stadt Schwerte zur Verkehrsgesellschaft Kreis Unna mbH (VKU) Ausschuss f\u00fcr Wirtschaft und Finanzen am 26.04.2018 Sehr [&hellip;]<\/p>\n","protected":false},"author":-1,"featured_media":0,"comment_status":"open","ping_status":"open","sticky":false,"template":"","format":"standard","meta":{"ngg_post_thumbnail":0,"_jetpack_memberships_contains_paid_content":false,"footnotes":""},"categories":[15,3],"tags":[],"class_list":["post-208","post","type-post","status-publish","format-standard","hentry","category-anfragen-antraege","category-neu_rat"],"jetpack_featured_media_url":"","jetpack_sharing_enabled":true,"_links":{"self":[{"href":"https:\/\/gruene-schwerte.de\/index.php\/wp-json\/wp\/v2\/posts\/208","targetHints":{"allow":["GET"]}}],"collection":[{"href":"https:\/\/gruene-schwerte.de\/index.php\/wp-json\/wp\/v2\/posts"}],"about":[{"href":"https:\/\/gruene-schwerte.de\/index.php\/wp-json\/wp\/v2\/types\/post"}],"author":[{"embeddable":true,"href":"https:\/\/gruene-schwerte.de\/index.php\/wp-json\/wp\/v2\/users\/1"}],"replies":[{"embeddable":true,"href":"https:\/\/gruene-schwerte.de\/index.php\/wp-json\/wp\/v2\/comments?post=208"}],"version-history":[{"count":2,"href":"https:\/\/gruene-schwerte.de\/index.php\/wp-json\/wp\/v2\/posts\/208\/revisions"}],"predecessor-version":[{"id":810,"href":"https:\/\/gruene-schwerte.de\/index.php\/wp-json\/wp\/v2\/posts\/208\/revisions\/810"}],"wp:attachment":[{"href":"https:\/\/gruene-schwerte.de\/index.php\/wp-json\/wp\/v2\/media?parent=208"}],"wp:term":[{"taxonomy":"category","embeddable":true,"href":"https:\/\/gruene-schwerte.de\/index.php\/wp-json\/wp\/v2\/categories?post=208"},{"taxonomy":"post_tag","embeddable":true,"href":"https:\/\/gruene-schwerte.de\/index.php\/wp-json\/wp\/v2\/tags?post=208"}],"curies":[{"name":"wp","href":"https:\/\/api.w.org\/{rel}","templated":true}]}}