{"id":202,"date":"2018-04-11T08:11:32","date_gmt":"2018-04-11T06:11:32","guid":{"rendered":"http:\/\/test.gruene.schwerte.de\/?p=202"},"modified":"2019-04-26T00:24:30","modified_gmt":"2019-04-25T22:24:30","slug":"gruene-im-rat-fordern-zuruecknahme-der-kuerzungen-fuer-schwangere","status":"publish","type":"post","link":"https:\/\/gruene-schwerte.de\/index.php\/gruene-im-rat-fordern-zuruecknahme-der-kuerzungen-fuer-schwangere\/","title":{"rendered":"GR\u00dcNE im Rat fordern Zur\u00fccknahme der K\u00fcrzungen f\u00fcr Schwangere"},"content":{"rendered":"<p>Nach der Berichterstattung in den Ruhrnachrichten haben die GR\u00dcNEN im Rat den Sachverhalt der K\u00fcrzungen der Kreisverwaltung bei einmaligen Hilfen gem. ALG II f\u00fcr schwangere Frauen aufgegriffen und einen Antrag in den Generationenausschuss als dem zust\u00e4ndigen Fachausschuss eingebracht.<\/p>\n<p>Der Schwerter Rat hat in dieser Sache keine eigene Zust\u00e4ndigkeit. Deshalb kein Antrag an die Verwaltung sondern eine Resulotion an die Kreisverwaltung, mit der gegen die K\u00fcrzungen f\u00fcr einmalige Hilfen im ALG II f\u00fcr schwangere Frauen protestiert wird. Der Generationenausschuss wird am 19.4.2018 dar\u00fcber beraten.<\/p>\n<p>Ziel der Antrags und der Resolution ist, dass die Kreisverwaltung die u.E. unangemessene K\u00fcrzung der Hilfen um 20% \u00fcberpr\u00fcft und zur\u00fcck nimmt.<\/p>\n<p><b>Resolution<\/b><\/p>\n<p>Erst jetzt ist durch die Presseberichterstattung in den Ruhrnachrichten vom 17.3.2018 und anschlie\u00dfende Leserbriefe bekannt geworden, dass der Kreis die einmaligen Hilfen f\u00fcr Schwangere, die sich insbesondere auf Schwangerschaftsbekleidung beziehen, 2016 um 20% gek\u00fcrzt hat.<\/p>\n<p>Als Grund werden neue Erhebungen von Seiten des Kreis angegeben, die ergeben haben, dass \u00fcber das Internet \u201ezum Beispiel Schwangerschaftsjacken sehr g\u00fcnstig zu haben seien\u201c. So wird der Leiter des Bereichs Arbeit und Soziales der Kreisverwaltung in der RN vom 17.3.2018 zitiert.<\/p>\n<p>Es ist lebensfremd davon auszugehen, dass alle schwangeren arbeitslosen Frauen und Harzt IV-Empf\u00e4ngerinnen einen Zugang zum Internet haben und wom\u00f6glich im Besitz von Kreditkarten sind, die oftmals bei K\u00e4ufen in Internetshops voraus gesetzt werden.<\/p>\n<p>Auch der Hinweis auf Kleiderkammern und Sozialkaufh\u00e4user ist nicht immer zielf\u00fchrend, da dort Schwangerschaftskleidung und z.B. Kinderwagen nicht immer und nicht immer in den passenden Gr\u00f6\u00dfen verf\u00fcgbar sind.<\/p>\n<p>Der Generationenausschuss fordert die Kreisverwaltung auf, den Sachverhalt erneut zu pr\u00fcfen und davon abzusehen, bei der Erhebung von Bemessungswerten von Preisen in Internetshops auszugehen und die einmaligen Hilfen im ALG II f\u00fcr schwangere Frauen wieder anzuheben.<\/p>\n","protected":false},"excerpt":{"rendered":"<p>Nach der Berichterstattung in den Ruhrnachrichten haben die GR\u00dcNEN im Rat den Sachverhalt der K\u00fcrzungen der Kreisverwaltung bei einmaligen Hilfen gem. ALG II f\u00fcr schwangere Frauen aufgegriffen und einen Antrag [&hellip;]<\/p>\n","protected":false},"author":-1,"featured_media":0,"comment_status":"open","ping_status":"open","sticky":false,"template":"","format":"standard","meta":{"ngg_post_thumbnail":0,"_jetpack_memberships_contains_paid_content":false,"footnotes":""},"categories":[3],"tags":[],"class_list":["post-202","post","type-post","status-publish","format-standard","hentry","category-neu_rat"],"jetpack_featured_media_url":"","jetpack_sharing_enabled":true,"_links":{"self":[{"href":"https:\/\/gruene-schwerte.de\/index.php\/wp-json\/wp\/v2\/posts\/202","targetHints":{"allow":["GET"]}}],"collection":[{"href":"https:\/\/gruene-schwerte.de\/index.php\/wp-json\/wp\/v2\/posts"}],"about":[{"href":"https:\/\/gruene-schwerte.de\/index.php\/wp-json\/wp\/v2\/types\/post"}],"author":[{"embeddable":true,"href":"https:\/\/gruene-schwerte.de\/index.php\/wp-json\/wp\/v2\/users\/1"}],"replies":[{"embeddable":true,"href":"https:\/\/gruene-schwerte.de\/index.php\/wp-json\/wp\/v2\/comments?post=202"}],"version-history":[{"count":1,"href":"https:\/\/gruene-schwerte.de\/index.php\/wp-json\/wp\/v2\/posts\/202\/revisions"}],"predecessor-version":[{"id":203,"href":"https:\/\/gruene-schwerte.de\/index.php\/wp-json\/wp\/v2\/posts\/202\/revisions\/203"}],"wp:attachment":[{"href":"https:\/\/gruene-schwerte.de\/index.php\/wp-json\/wp\/v2\/media?parent=202"}],"wp:term":[{"taxonomy":"category","embeddable":true,"href":"https:\/\/gruene-schwerte.de\/index.php\/wp-json\/wp\/v2\/categories?post=202"},{"taxonomy":"post_tag","embeddable":true,"href":"https:\/\/gruene-schwerte.de\/index.php\/wp-json\/wp\/v2\/tags?post=202"}],"curies":[{"name":"wp","href":"https:\/\/api.w.org\/{rel}","templated":true}]}}