{"id":181,"date":"2018-03-20T11:52:35","date_gmt":"2018-03-20T10:52:35","guid":{"rendered":"http:\/\/test.gruene.schwerte.de\/?p=181"},"modified":"2019-09-01T16:02:43","modified_gmt":"2019-09-01T14:02:43","slug":"stellungnahme-der-cdu-gruenen-und-fdp-zur-wahl-des-neuen-buergermeisters","status":"publish","type":"post","link":"https:\/\/gruene-schwerte.de\/index.php\/stellungnahme-der-cdu-gruenen-und-fdp-zur-wahl-des-neuen-buergermeisters\/","title":{"rendered":"Stellungnahme der CDU, Gr\u00fcnen und FDP zur Wahl des neuen B\u00fcrgermeisters"},"content":{"rendered":"<p>Eine typische Begleiterscheinung von Wahlk\u00e4mpfen ist die Polarisierung im Umfeld der Kandidaten. Neben dem Austausch von Argumenten f\u00e4llt hierbei auch gelegentlich das ein oder andere Wort, das eher in die Abteilung Schlammschlacht einzuordnen ist.<\/p>\n<p>Nach der Wahl dagegen, wenn die B\u00fcrgerinnen und der B\u00fcrger entschieden haben, sollte die Sache, hier also das Wohl der Stadt Schwerte, wieder im Mittelpunkt stehen.<\/p>\n<p>Die CDU, Gr\u00fcnen und FDP haben das Ergebnis dieser Wahl zur Kenntnis genommen und selbstverst\u00e4ndlich akzeptiert.<\/p>\n<p>Gute Ideen sollten mit gemeinsamer Kraft vorangetrieben werden, egal von welcher Seite diese Ideen eingebracht werden.<\/p>\n<p>Diese Bereitschaft zur Zusammenarbeit in Sachfragen ist dem neuen B\u00fcrgermeister bei der Begl\u00fcckw\u00fcnschung zur Wahl von allen drei Parteien signalisiert worden.<\/p>\n<p>Schaut man sich allerdings die Leserbriefe und Kommentare von einzelnen SPD-Mitgliedern zur Wahl von Herrn Dimitrios Axourgos im Nachgang an, so muss man feststellen, dass dieses gute Prinzip noch nicht von allen Mitb\u00fcrgerinnen und Mitb\u00fcrgern anerkannt wird.<\/p>\n<p>Im Gegenteil, man wird sogar ermahnt, sich im Rat nicht zu verweigern oder zu blockieren. Als Strafma\u00df wird die \u00f6ffentliche Anprangerung mit Nennung von<\/p>\n<p>\u201eRo\u00df und Reitern\u201c angek\u00fcndigt und eine erneute Schlammschlacht beim n\u00e4chsten Wahlkampf in Aussicht gestellt.<\/p>\n<p>Zur Klarstellung und Positionierung sei an dieser Stelle deutlich gesagt:<\/p>\n<p>Alle Ratsmitglieder sind demokratisch gew\u00e4hlt und haben gem\u00e4\u00df diesem W\u00e4hlerauftrag die Pflicht die Positionierungen in Sachfragen an diesem Auftrag zu orientieren.<\/p>\n<p>Das ist Demokratie und keine Blockierung.<\/p>\n<p>Der Diskurs unter den politischen Akteuren kann dann in Sachfragen zu Kompromissen f\u00fchren.<\/p>\n<p>Auch das ist Demokratie!<\/p>\n<p>Es ist schon erschreckend mit welchen Argumenten ein \u201eWohlverhalten\u201c der \u201eJamaika-Ratsmitglieder\u201c eingefordert wird. Dies zeugt von einem seltsamen Demokratieverst\u00e4ndis, das nicht unseres ist.<\/p>\n<p>Es scheint als ob hier Wahlkampf im Nachhinein gemacht wird.<\/p>\n<p>Oder soll bereits vorbeugend ein Schuldiger festgemacht werden, falls sich das eine oder andere Wahlkampfversprechen des neuen B\u00fcrgermeisters als nicht realisierbar erweist?<\/p>\n<p>Wir bevorzugen eine offene vorurteilsfreie Zusammenarbeit aller politisch Beteiligten. Auf der Grundlage der umgesetzten Versprechen und der geleisteten Arbeit k\u00f6nnen die B\u00fcrgerinnen und B\u00fcrger dann bei der n\u00e4chsten Wahl entscheiden, wen sie weiter mit ihrer Stimme unterst\u00fctzen wollen.<\/p>\n<p>So funktioniert Demokratie!<\/p>\n<p>Gez.<\/p>\n<p>Marco Kordt (CDU) <a href=\"http:\/\/gruene-schwerte.de\/ratsfraktion\/fraktionsmitglied-2\/\">Bruno Heinz-Fischer<\/a> (Gr\u00fcne) Renate Goeke (FDP)<\/p>\n","protected":false},"excerpt":{"rendered":"<p>Eine typische Begleiterscheinung von Wahlk\u00e4mpfen ist die Polarisierung im Umfeld der Kandidaten. Neben dem Austausch von Argumenten f\u00e4llt hierbei auch gelegentlich das ein oder andere Wort, das eher in die [&hellip;]<\/p>\n","protected":false},"author":-1,"featured_media":0,"comment_status":"open","ping_status":"open","sticky":false,"template":"","format":"standard","meta":{"ngg_post_thumbnail":0,"_jetpack_memberships_contains_paid_content":false,"footnotes":""},"categories":[3],"tags":[],"class_list":["post-181","post","type-post","status-publish","format-standard","hentry","category-neu_rat"],"jetpack_featured_media_url":"","jetpack_sharing_enabled":true,"_links":{"self":[{"href":"https:\/\/gruene-schwerte.de\/index.php\/wp-json\/wp\/v2\/posts\/181","targetHints":{"allow":["GET"]}}],"collection":[{"href":"https:\/\/gruene-schwerte.de\/index.php\/wp-json\/wp\/v2\/posts"}],"about":[{"href":"https:\/\/gruene-schwerte.de\/index.php\/wp-json\/wp\/v2\/types\/post"}],"author":[{"embeddable":true,"href":"https:\/\/gruene-schwerte.de\/index.php\/wp-json\/wp\/v2\/users\/1"}],"replies":[{"embeddable":true,"href":"https:\/\/gruene-schwerte.de\/index.php\/wp-json\/wp\/v2\/comments?post=181"}],"version-history":[{"count":3,"href":"https:\/\/gruene-schwerte.de\/index.php\/wp-json\/wp\/v2\/posts\/181\/revisions"}],"predecessor-version":[{"id":811,"href":"https:\/\/gruene-schwerte.de\/index.php\/wp-json\/wp\/v2\/posts\/181\/revisions\/811"}],"wp:attachment":[{"href":"https:\/\/gruene-schwerte.de\/index.php\/wp-json\/wp\/v2\/media?parent=181"}],"wp:term":[{"taxonomy":"category","embeddable":true,"href":"https:\/\/gruene-schwerte.de\/index.php\/wp-json\/wp\/v2\/categories?post=181"},{"taxonomy":"post_tag","embeddable":true,"href":"https:\/\/gruene-schwerte.de\/index.php\/wp-json\/wp\/v2\/tags?post=181"}],"curies":[{"name":"wp","href":"https:\/\/api.w.org\/{rel}","templated":true}]}}