{"id":1577,"date":"2020-06-20T13:02:58","date_gmt":"2020-06-20T11:02:58","guid":{"rendered":"http:\/\/gruene-schwerte.de\/?p=1577"},"modified":"2020-06-22T17:26:08","modified_gmt":"2020-06-22T15:26:08","slug":"leserbrief-zum-rn-artikel-neuer-sportplatz-in-wandhofen-politiker-sprachen-nicht-oeffentlich","status":"publish","type":"post","link":"https:\/\/gruene-schwerte.de\/index.php\/leserbrief-zum-rn-artikel-neuer-sportplatz-in-wandhofen-politiker-sprachen-nicht-oeffentlich\/","title":{"rendered":"Leserbrief zum RN-Artikel &#8222;Neuer Sportplatz in Wandhofen: Politiker sprachen nicht \u00f6ffentlich&#8220;"},"content":{"rendered":"<p>&nbsp;<\/p>\n<p>Aus gutem Grund sei die Beratung \u00fcber das neue Sportzentrum in Wandhofen nicht \u00f6ffentlich gewesen, denn es sei halt noch nicht mehrheitlich entschieden, weil man sich erst die Kosten auflisten lassen wolle, bevor man entscheide. Aufgrund der knappen Haushaltslage in Schwerte m\u00fcsse man sich die Ausgaben f\u00fcr dieses Monsterprojekt von der Bezirksregierung genehmigen lassen. Der Antrag der Gr\u00fcnen Fraktion, dass aufgrund der finanziellen Risiken dieser Entscheidung die Sitzung \u00f6ffentlich stattfinden solle, wurde von vielen aus SPD und CDU abgelehnt, der B\u00fcrgermeister meint, die Nicht\u00f6ffentlichkeit \u201eist im Vorfeld so abgesprochen worden.\u201c<\/p>\n<p>Das hei\u00dft also f\u00fcr den erstaunten Leser: Schwerte hat so wenig Geld im Stadts\u00e4ckel, dass jede Ausgabe von der Bezirksregierung abgesegnet werden muss, hat aber hochtrabende Pl\u00e4ne, ein Sportzentrum f\u00fcr 10 Millionen \u20ac errichten zu wollen. Und diese Entscheidung soll unter Ausschluss der \u00d6ffentlichkeit stattfinden? Warum? Damit es keinen \u00c4rger mit den Steuerzahler*innen bei dieser fragw\u00fcrdigen Entscheidung gibt? Oder damit keine Investor*innen, die sicher nicht aus Spa\u00df an der Freud in&nbsp;dieses Projekt Geld stecken w\u00fcrden, abgeschreckt werden? Transparenz, liebe Stadt, sieht deutlich anders aus.&nbsp;&nbsp;<\/p>\n<div>&nbsp;<\/div>\n<div>Thomas M\u00f6ller<\/div>\n<div>Ratskandidat Westhofen<\/div>\n<div>&nbsp;<\/div>\n","protected":false},"excerpt":{"rendered":"<p>&nbsp; Aus gutem Grund sei die Beratung \u00fcber das neue Sportzentrum in Wandhofen nicht \u00f6ffentlich gewesen, denn es sei halt noch nicht mehrheitlich entschieden, weil man sich erst die Kosten [&hellip;]<\/p>\n","protected":false},"author":-1,"featured_media":646,"comment_status":"open","ping_status":"open","sticky":false,"template":"","format":"standard","meta":{"ngg_post_thumbnail":0,"_jetpack_memberships_contains_paid_content":false,"footnotes":""},"categories":[1],"tags":[69,171,168,172],"class_list":["post-1577","post","type-post","status-publish","format-standard","has-post-thumbnail","hentry","category-neu_ort","tag-leserbrief","tag-sportplatz","tag-transparenz","tag-wandhofen"],"jetpack_featured_media_url":"https:\/\/gruene-schwerte.de\/wp-content\/uploads\/2019\/06\/IMG_4907-e1592839554673.jpeg","jetpack_sharing_enabled":true,"_links":{"self":[{"href":"https:\/\/gruene-schwerte.de\/index.php\/wp-json\/wp\/v2\/posts\/1577","targetHints":{"allow":["GET"]}}],"collection":[{"href":"https:\/\/gruene-schwerte.de\/index.php\/wp-json\/wp\/v2\/posts"}],"about":[{"href":"https:\/\/gruene-schwerte.de\/index.php\/wp-json\/wp\/v2\/types\/post"}],"author":[{"embeddable":true,"href":"https:\/\/gruene-schwerte.de\/index.php\/wp-json\/wp\/v2\/users\/2"}],"replies":[{"embeddable":true,"href":"https:\/\/gruene-schwerte.de\/index.php\/wp-json\/wp\/v2\/comments?post=1577"}],"version-history":[{"count":2,"href":"https:\/\/gruene-schwerte.de\/index.php\/wp-json\/wp\/v2\/posts\/1577\/revisions"}],"predecessor-version":[{"id":1579,"href":"https:\/\/gruene-schwerte.de\/index.php\/wp-json\/wp\/v2\/posts\/1577\/revisions\/1579"}],"wp:featuredmedia":[{"embeddable":true,"href":"https:\/\/gruene-schwerte.de\/index.php\/wp-json\/wp\/v2\/media\/646"}],"wp:attachment":[{"href":"https:\/\/gruene-schwerte.de\/index.php\/wp-json\/wp\/v2\/media?parent=1577"}],"wp:term":[{"taxonomy":"category","embeddable":true,"href":"https:\/\/gruene-schwerte.de\/index.php\/wp-json\/wp\/v2\/categories?post=1577"},{"taxonomy":"post_tag","embeddable":true,"href":"https:\/\/gruene-schwerte.de\/index.php\/wp-json\/wp\/v2\/tags?post=1577"}],"curies":[{"name":"wp","href":"https:\/\/api.w.org\/{rel}","templated":true}]}}