{"id":1528,"date":"2020-05-21T10:43:33","date_gmt":"2020-05-21T08:43:33","guid":{"rendered":"http:\/\/gruene-schwerte.de\/?p=1528"},"modified":"2020-05-21T18:56:14","modified_gmt":"2020-05-21T16:56:14","slug":"gruene-fragen-nach-wie-geht-es-in-den-schulen-weiter","status":"publish","type":"post","link":"https:\/\/gruene-schwerte.de\/index.php\/gruene-fragen-nach-wie-geht-es-in-den-schulen-weiter\/","title":{"rendered":"Gr\u00fcne fragen nach: Wie geht es in den Schulen weiter?"},"content":{"rendered":"<p>&nbsp;<\/p>\n<p>Die Ratsfraktion der Gr\u00fcnen hat den B\u00fcrgermeister um Auskunft gebeten, wie genau die Umsetzung der Wiederaufnahme von Schulunterricht in Schwerte vollzogen werden soll. Denn die konkrete Ausgestaltung und Organisation ist nicht nur Aufgabe der Schulen, sondern auch des Schultr\u00e4gers, also der Stadt Schwerte.<\/p>\n<p>Deswegen hat die Gr\u00fcne Ratsfraktion zw\u00f6lf der dringendsten Fragen zur Umsetzung der Hygieneregeln sowie zum Home-Schooling und zur Digitalisierung an die Verwaltung geschickt. Die Fragen sollen im Schulausschuss am 03.06. beantwortet werden.<\/p>\n<p>So m\u00f6chte die Fraktion beispielsweise wissen, wie die Klassenr\u00e4ume und die sanit\u00e4ren Anlagen mit Handwaschbecken, warmem Wasser, Seife und Desinfektionsmittel ausgestattet sind, wie viele Sch\u00fclerinnen und Sch\u00fcler maximal gleichzeitig in den Schulgeb\u00e4uden unterrichtet werden k\u00f6nnen oder wie die Hygienema\u00dfnahmen bei der Busbef\u00f6rderung umgesetzt werden. Auch die Frage, wie mit Kindern, die selbst einer Risikogruppe angeh\u00f6ren oder einen besonderen F\u00f6rderbedarf aufweisen umgegangen wird ist noch offen. Weiterhin wird um Auskunft gebeten, wie Schulbegleiter*innen und Inklusionshefer*innen, die zur Zeit unter erheblichen Einkommensausf\u00e4llen zu leiden haben, zur Unterst\u00fctzung eingesetzt werden k\u00f6nnen.<\/p>\n<p>Im Bereich Digitalisierung und Home-Schooling fragen die Gr\u00fcnen, welche Programme und Lernplattformen eingesetzt werden, wie der Stand der Glasfaseranbindung der Schwerter Schulen ist und ob es einen Erfahrungsaustausch zwischen den Schulen und dem Schultr\u00e4ger gibt. Auch die dringende Frage, wie viele Sch\u00fclerinnen und Sch\u00fcler ohne geeignetes Endger\u00e4t derzeit von Online-Unterricht praktisch ausgeschlossen sind und wie die Stadt darauf reagiert ist Teil des Fragenkatalogs.<\/p>\n<p>Den vollst\u00e4ndigen Fragenkatalog gibt es <a href=\"http:\/\/gruene-schwerte.de\/wp-content\/uploads\/2020\/05\/Auskunft_ASS_-Umsetzung-der-Wiederaufnahme-von-Schulunterricht-in-Schwerte-_18052020.docx\">HIER!<\/a><\/p>\n","protected":false},"excerpt":{"rendered":"<p>&nbsp; Die Ratsfraktion der Gr\u00fcnen hat den B\u00fcrgermeister um Auskunft gebeten, wie genau die Umsetzung der Wiederaufnahme von Schulunterricht in Schwerte vollzogen werden soll. Denn die konkrete Ausgestaltung und Organisation [&hellip;]<\/p>\n","protected":false},"author":-1,"featured_media":1536,"comment_status":"open","ping_status":"open","sticky":false,"template":"","format":"standard","meta":{"ngg_post_thumbnail":0,"_jetpack_memberships_contains_paid_content":false,"footnotes":""},"categories":[15,3],"tags":[64,131,157,155,156],"class_list":["post-1528","post","type-post","status-publish","format-standard","has-post-thumbnail","hentry","category-anfragen-antraege","category-neu_rat","tag-ass","tag-corona","tag-fragen","tag-schlue","tag-schulausschuss"],"jetpack_featured_media_url":"https:\/\/gruene-schwerte.de\/wp-content\/uploads\/2020\/05\/wie-geht-es-weiter-m.jpg","jetpack_sharing_enabled":true,"_links":{"self":[{"href":"https:\/\/gruene-schwerte.de\/index.php\/wp-json\/wp\/v2\/posts\/1528","targetHints":{"allow":["GET"]}}],"collection":[{"href":"https:\/\/gruene-schwerte.de\/index.php\/wp-json\/wp\/v2\/posts"}],"about":[{"href":"https:\/\/gruene-schwerte.de\/index.php\/wp-json\/wp\/v2\/types\/post"}],"author":[{"embeddable":true,"href":"https:\/\/gruene-schwerte.de\/index.php\/wp-json\/wp\/v2\/users\/2"}],"replies":[{"embeddable":true,"href":"https:\/\/gruene-schwerte.de\/index.php\/wp-json\/wp\/v2\/comments?post=1528"}],"version-history":[{"count":3,"href":"https:\/\/gruene-schwerte.de\/index.php\/wp-json\/wp\/v2\/posts\/1528\/revisions"}],"predecessor-version":[{"id":1535,"href":"https:\/\/gruene-schwerte.de\/index.php\/wp-json\/wp\/v2\/posts\/1528\/revisions\/1535"}],"wp:featuredmedia":[{"embeddable":true,"href":"https:\/\/gruene-schwerte.de\/index.php\/wp-json\/wp\/v2\/media\/1536"}],"wp:attachment":[{"href":"https:\/\/gruene-schwerte.de\/index.php\/wp-json\/wp\/v2\/media?parent=1528"}],"wp:term":[{"taxonomy":"category","embeddable":true,"href":"https:\/\/gruene-schwerte.de\/index.php\/wp-json\/wp\/v2\/categories?post=1528"},{"taxonomy":"post_tag","embeddable":true,"href":"https:\/\/gruene-schwerte.de\/index.php\/wp-json\/wp\/v2\/tags?post=1528"}],"curies":[{"name":"wp","href":"https:\/\/api.w.org\/{rel}","templated":true}]}}