{"id":1515,"date":"2020-05-03T04:20:20","date_gmt":"2020-05-03T02:20:20","guid":{"rendered":"http:\/\/gruene-schwerte.de\/?p=1515"},"modified":"2020-05-03T12:24:52","modified_gmt":"2020-05-03T10:24:52","slug":"video-gruene-bitten-buergermeister-um-uebertragung-der-ratssitzung","status":"publish","type":"post","link":"https:\/\/gruene-schwerte.de\/index.php\/video-gruene-bitten-buergermeister-um-uebertragung-der-ratssitzung\/","title":{"rendered":"Video: Gr\u00fcne bitten B\u00fcrgermeister um \u00dcbertragung der Ratssitzung"},"content":{"rendered":"<p>Unser OV-Sprecher Maximilian Ziel zur Bitte der Gr\u00fcnen, die Ratssitzung zu \u00fcbertragen:<\/p>\n<div style=\"width: 876px;\" class=\"wp-video\"><video class=\"wp-video-shortcode\" id=\"video-1515-2\" width=\"876\" height=\"493\" preload=\"metadata\" controls=\"controls\"><source type=\"video\/mp4\" src=\"http:\/\/gruene-schwerte.de\/wp-content\/uploads\/2020\/05\/Max1.mp4?_=2\" \/><a href=\"http:\/\/gruene-schwerte.de\/wp-content\/uploads\/2020\/05\/Max1.mp4\">http:\/\/gruene-schwerte.de\/wp-content\/uploads\/2020\/05\/Max1.mp4<\/a><\/video><\/div>\n<div class=\"powerpress_player\" id=\"powerpress_player_8455\"><div style=\"width: 640px;\" class=\"wp-video\"><video class=\"wp-video-shortcode\" id=\"video-1515-1\" width=\"640\" height=\"360\" preload=\"none\" controls=\"controls\"><source type=\"video\/mp4\" src=\"http:\/\/gruene-schwerte.de\/wp-content\/uploads\/2020\/05\/Max1.mp4?_=1\" \/><a href=\"http:\/\/gruene-schwerte.de\/wp-content\/uploads\/2020\/05\/Max1.mp4\">http:\/\/gruene-schwerte.de\/wp-content\/uploads\/2020\/05\/Max1.mp4<\/a><\/video><\/div><\/div><p class=\"powerpress_links powerpress_links_mp4\" style=\"margin-bottom: 1px !important;\">Podcast: <a href=\"http:\/\/gruene-schwerte.de\/wp-content\/uploads\/2020\/05\/Max1.mp4\" class=\"powerpress_link_pinw\" target=\"_blank\" title=\"Play in new window\" onclick=\"return powerpress_pinw('https:\/\/gruene-schwerte.de\/?powerpress_pinw=1515-podcast');\" rel=\"nofollow\">Play in new window<\/a> | <a href=\"http:\/\/gruene-schwerte.de\/wp-content\/uploads\/2020\/05\/Max1.mp4\" class=\"powerpress_link_d\" title=\"Download\" rel=\"nofollow\" download=\"Max1.mp4\">Download<\/a><\/p><!--powerpress_player-->","protected":false},"excerpt":{"rendered":"<p>Unser OV-Sprecher Maximilian Ziel zur Bitte der Gr\u00fcnen, die Ratssitzung zu \u00fcbertragen: http:\/\/gruene-schwerte.de\/wp-content\/uploads\/2020\/05\/Max1.mp4Podcast: Play in new window | Download<\/p>\n","protected":false},"author":-1,"featured_media":1519,"comment_status":"open","ping_status":"open","sticky":false,"template":"","format":"standard","meta":{"ngg_post_thumbnail":0,"_jetpack_memberships_contains_paid_content":false,"footnotes":""},"categories":[1],"tags":[81,21,150,148,149],"class_list":["post-1515","post","type-post","status-publish","format-standard","has-post-thumbnail","hentry","category-neu_ort","tag-buergermeister","tag-rat","tag-sitzung","tag-stream","tag-video"],"jetpack_featured_media_url":"https:\/\/gruene-schwerte.de\/wp-content\/uploads\/2020\/05\/video_max.png","jetpack_sharing_enabled":true,"_links":{"self":[{"href":"https:\/\/gruene-schwerte.de\/index.php\/wp-json\/wp\/v2\/posts\/1515","targetHints":{"allow":["GET"]}}],"collection":[{"href":"https:\/\/gruene-schwerte.de\/index.php\/wp-json\/wp\/v2\/posts"}],"about":[{"href":"https:\/\/gruene-schwerte.de\/index.php\/wp-json\/wp\/v2\/types\/post"}],"author":[{"embeddable":true,"href":"https:\/\/gruene-schwerte.de\/index.php\/wp-json\/wp\/v2\/users\/2"}],"replies":[{"embeddable":true,"href":"https:\/\/gruene-schwerte.de\/index.php\/wp-json\/wp\/v2\/comments?post=1515"}],"version-history":[{"count":4,"href":"https:\/\/gruene-schwerte.de\/index.php\/wp-json\/wp\/v2\/posts\/1515\/revisions"}],"predecessor-version":[{"id":1522,"href":"https:\/\/gruene-schwerte.de\/index.php\/wp-json\/wp\/v2\/posts\/1515\/revisions\/1522"}],"wp:featuredmedia":[{"embeddable":true,"href":"https:\/\/gruene-schwerte.de\/index.php\/wp-json\/wp\/v2\/media\/1519"}],"wp:attachment":[{"href":"https:\/\/gruene-schwerte.de\/index.php\/wp-json\/wp\/v2\/media?parent=1515"}],"wp:term":[{"taxonomy":"category","embeddable":true,"href":"https:\/\/gruene-schwerte.de\/index.php\/wp-json\/wp\/v2\/categories?post=1515"},{"taxonomy":"post_tag","embeddable":true,"href":"https:\/\/gruene-schwerte.de\/index.php\/wp-json\/wp\/v2\/tags?post=1515"}],"curies":[{"name":"wp","href":"https:\/\/api.w.org\/{rel}","templated":true}]}}