{"id":1498,"date":"2020-04-30T09:04:30","date_gmt":"2020-04-30T07:04:30","guid":{"rendered":"http:\/\/gruene-schwerte.de\/?p=1498"},"modified":"2020-04-30T15:11:38","modified_gmt":"2020-04-30T13:11:38","slug":"antrag-sitzungen-des-rates-und-seiner-ausschuesse-im-zeitraum-der-ausbreitung-von-covid-19","status":"publish","type":"post","link":"https:\/\/gruene-schwerte.de\/index.php\/antrag-sitzungen-des-rates-und-seiner-ausschuesse-im-zeitraum-der-ausbreitung-von-covid-19\/","title":{"rendered":"Antrag: Sitzungen des Rates und seiner Aussch\u00fcsse im Zeitraum der Ausbreitung von Covid-19"},"content":{"rendered":"<p>&nbsp;<\/p>\n<p>Hier der vollst\u00e4ndige Antrag der Gr\u00fcnen Ratsfraktion :<\/p>\n<p>&nbsp;<\/p>\n<p class=\"western\"><a name=\"_GoBack\"><\/a> <span style=\"font-family: Times New Roman, serif;\"><span style=\"font-size: small;\"><span style=\"color: #000000;\"><span style=\"font-family: Calibri, serif;\"><span style=\"font-size: medium;\"><b>Ratssitzung 13.5.2020 \/ TOP \u201cSitzungen des Rates und seiner Aussch\u00fcsse im Zeitraum der Ausbreitung von Covid-19\u201c<\/b><\/span><\/span><b> <\/b><\/span><\/span><\/span><\/p>\n<p class=\"western\"><span style=\"font-family: Times New Roman, serif;\"><span style=\"font-size: small;\"><span style=\"color: #000000;\"><span style=\"font-family: Calibri, serif;\"><span style=\"font-size: medium;\">Sehr geehrter Herr B\u00fcrgermeister,<\/span><\/span><\/span><\/span><\/span><\/p>\n<p class=\"western\"><span style=\"font-family: Times New Roman, serif;\"><span style=\"font-size: small;\"><span style=\"color: #000000;\"><span style=\"font-family: Calibri, serif;\"><span style=\"font-size: medium;\">die Fraktion Die Gr\u00fcnen bittet Sie, folgenden Antrag in der Ratssitzung am 13.05.2020 zum oben genannten TOP beraten und abstimmen zu lassen.<\/span><\/span><\/span><\/span><\/span><\/p>\n<p class=\"western\"><span style=\"font-family: Times New Roman, serif;\"><span style=\"font-size: small;\"><span style=\"color: #000000;\"><span style=\"font-family: Calibri, serif;\"><span style=\"font-size: medium;\"><u><b>Antrag<\/b><\/u><\/span><\/span><\/span><\/span><\/span><\/p>\n<p class=\"western\"><span style=\"font-family: Times New Roman, serif;\"><span style=\"font-size: small;\"><span style=\"color: #000000;\"><span style=\"font-family: Calibri, serif;\"><span style=\"font-size: medium;\">Der Rat der Stadt Schwerte bekr\u00e4ftigt begrenzt f\u00fcr die vom Landtag NRW festgesetzte Zeit der Corona-Ausnahmesituation folgende Grunds\u00e4tze und Verfahrensweisen zur Durchf\u00fchrung von Sitzungen:<\/span><\/span><\/span><\/span><\/span><\/p>\n<p class=\"western\"><span style=\"font-family: Times New Roman, serif;\"><span style=\"font-size: small;\"><span style=\"color: #000000;\"><span style=\"font-family: Calibri, serif;\"><span style=\"font-size: medium;\">Die Verwaltung der Gemeinde wird ausschlie\u00dflich durch den Willen der B\u00fcrgerschaft bestimmt. Die B\u00fcrgerschaft wird durch den Rat und den B\u00fcrgermeister vertreten (\u00a7 40 Absatz 2 Satz 1 GO NRW).<\/span><\/span><\/span><\/span><\/span><\/p>\n<p class=\"western\"><span style=\"font-family: Times New Roman, serif;\"><span style=\"font-size: small;\"><span style=\"color: #000000;\"><span style=\"font-family: Calibri, serif;\"><span style=\"font-size: medium;\">Die nach den Vorschriften des Kommunalverfassungsrechts vorgesehenen Sitzungen kommunaler Gremien (hier: Rat, Aussch\u00fcsse und Fraktionen) dienen der Aus\u00fcbung und dem Erhalt der von <\/span><\/span><\/span><\/span><\/span><\/p>\n<p class=\"western\"><span style=\"font-family: Times New Roman, serif;\"><span style=\"font-size: small;\"><span style=\"color: #000000;\"><span style=\"font-family: Calibri, serif;\"><span style=\"font-size: medium;\">Art. 28 Absatz 2 GG, Art. 78 Abs. 1 Landesverfassung NRW garantierten und auch weiterhin zu gew\u00e4hrleistenden kommunalen Selbstverwaltung.<\/span><\/span><\/span><\/span><\/span><\/p>\n<p class=\"western\"><span style=\"font-family: Times New Roman, serif;\"><span style=\"font-size: small;\"><span style=\"color: #000000;\"><span style=\"font-family: Calibri, serif;\"><span style=\"font-size: medium;\">Sie fallen als solche <\/span><\/span><span style=\"font-family: Calibri, serif;\"><span style=\"font-size: medium;\"><b>nicht<\/b><\/span><\/span><span style=\"font-family: Calibri, serif;\"><span style=\"font-size: medium;\"> unter die nach den aktuell geltenden, auf der Grundlage des Infektionsschutzgesetzes ergangenen Verordnungen.<\/span><\/span><\/span><\/span><\/span><\/p>\n<p class=\"western\"><span style=\"font-family: Times New Roman, serif;\"><span style=\"font-size: small;\"><span style=\"color: #000000;\"><span style=\"font-family: Calibri, serif;\"><span style=\"font-size: medium;\">Gem\u00e4\u00df \u00a7 47 Absatz 1 Satz 3 GO NRW beruft der B\u00fcrgermeister den Rat nach den Erfordernissen der Gesch\u00e4ftslage ein, wobei er wenigstens alle zwei bzw. drei Monate zusammentreten soll. <\/span><\/span><\/span><\/span><\/span><\/p>\n<p class=\"western\"><span style=\"font-family: Times New Roman, serif;\"><span style=\"font-size: small;\"><span style=\"color: #000000;\"><span style=\"font-family: Calibri, serif;\"><span style=\"font-size: medium;\">Fachaussch\u00fcsse tagen zu Anliegen von besonderer Wichtigkeit und \/oder unaufschiebbaren und\/oder pandemierelevanten Themenfeldern.<\/span><\/span><\/span><\/span><\/span><\/p>\n<p class=\"western\"><span style=\"font-family: Times New Roman, serif;\"><span style=\"font-size: small;\"><span style=\"color: #000000;\"><span style=\"font-family: Calibri, serif;\"><span style=\"font-size: medium;\">Der Rahmen f\u00fcr die Absage von Sitzungen und Vertagung von Beratungspunkten muss der Erhalt der Handlungsf\u00e4higkeit der kommunalen Vertretung insgesamt sein.<\/span><\/span><\/span><\/span><\/span><\/p>\n<p class=\"western\"><span style=\"font-family: Times New Roman, serif;\"><span style=\"font-size: small;\"><span style=\"color: #000000;\"><span style=\"font-family: Calibri, serif;\"><span style=\"font-size: medium;\">Im Einzelfall in Angelegenheiten besonderer Dringlichkeit nach \u00a7 60 Absatz 1 GO NRW sind Dringlichkeitsbeschl\u00fcsse bzw. Dringlichkeitsentscheidungen herbeizuf\u00fchren, wenn der Rat nicht rechtzeitig einberufen werden kann.<\/span><\/span><\/span><\/span><\/span><\/p>\n<p class=\"western\"><span style=\"font-family: Times New Roman, serif;\"><span style=\"font-size: small;\"><span style=\"color: #000000;\"><span style=\"font-family: Calibri, serif;\"><span style=\"font-size: medium;\">Durchf\u00fchrung von Pr\u00e4senz-Sitzungen und Abstimmungen des Rates werden nach dem Prinzip der \u201eSoll-St\u00e4rken-Vereinbarung\u201c des \u00c4ltestenrates vom 15.04.2020 (SPD und CDU jeweils 8, Gr\u00fcne 3, Linke und WfS jeweils 1, fraktionsloses Ratsmitglied 1) vorgenommen, die die Aufrechterhaltung der Kr\u00e4fteverteilung nach Ma\u00dfgabe des Spiegelbildlichkeitsgrundsatzes sicherstellt.<\/span><\/span><\/span><\/span><\/span><\/p>\n<p class=\"western\"><span style=\"font-family: Times New Roman, serif;\"><span style=\"font-size: small;\"><span style=\"color: #000000;\"><span style=\"font-family: Calibri, serif;\"><span style=\"font-size: medium;\">F\u00fcr Rat und Aussch\u00fcsse sind der \u00d6ffentlichkeitsgrundsatz aus \u00a7 48 Absatz 2 Satz 1 GO NRW grunds\u00e4tzlich zu beachten. <\/span><\/span><\/span><\/span><\/span><\/p>\n<p class=\"western\"><span style=\"font-family: Times New Roman, serif;\"><span style=\"font-size: small;\"><span style=\"color: #000000;\"><span style=\"font-family: Calibri, serif;\"><span style=\"font-size: medium;\">Es ist unver\u00e4ndert empfohlen, die Rats-, und Ausschusssitzungen (oder vergleichbarer Gremien) auf das gebotene Ma\u00df zu reduzieren. <\/span><\/span><\/span><\/span><\/span><\/p>\n<p class=\"western\"><span style=\"font-family: Times New Roman, serif;\"><span style=\"font-size: small;\"><span style=\"color: #000000;\"><span style=\"font-family: Calibri, serif;\"><span style=\"font-size: medium;\">Ratsmitglieder mit Krankheitssymptomen oder solche, die R\u00fcckkehrende aus Risikogebieten sind, haben den Sitzungen fernzubleiben. <\/span><\/span><\/span><\/span><\/span><\/p>\n<p class=\"western\"><span style=\"font-family: Times New Roman, serif;\"><span style=\"font-size: small;\"><span style=\"color: #000000;\"><span style=\"font-family: Calibri, serif;\"><span style=\"font-size: medium;\">F\u00fcr die Durchf\u00fchrung von Pr\u00e4senz-Sitzungen sind die Hygieneschutzma\u00dfnahmen und Abstandsregeln zu beachten, sowohl in Bezug auf die Besucherinnen und Besucher als auch in Bezug auf die Ratsmitglieder (oder vergleichbare Mitglieder).<\/span><\/span><\/span><\/span><\/span><\/p>\n<p class=\"western\"><span style=\"font-family: Times New Roman, serif;\"><span style=\"font-size: small;\"><span style=\"color: #000000;\"><span style=\"font-family: Calibri, serif;\"><span style=\"font-size: medium;\"><u><b>Begr\u00fcndung <\/b><\/u><\/span><\/span><\/span><\/span><\/span><\/p>\n<p><span style=\"color: #000000;\">\u200b\u200b\u200b\u200b\u200b\u200b\u200b<span style=\"font-family: Times New Roman, serif;\"><span style=\"font-family: Calibri, serif;\">Am 17.04.2020 hat das Ministerium f\u00fcr Heimat, Kommunales, Bau und Gleichstellung noch einmal klarstellende Hinweise zur \u201eVerordnung zur \u00c4nderung von Rechtsverordnungen zum Schutz vor dem Coronavirus SARS-CoV-2\u201c vom 16.04.2020 herausgegeben. Darin wird explizit darauf verwiesen, dass trotz anhaltender Coronakrise Rat, Fraktionen und Aussch\u00fcsse tagen k\u00f6nnen und sollen, um die Kommunale Selbstverwaltung auch unter dem Erfordernis der \u00d6ffentlichkeit zu gew\u00e4hrleisten.<\/span><\/span><\/span><\/p>\n<p class=\"western\"><span style=\"font-family: Times New Roman, serif;\"><span style=\"font-size: small;\"><span style=\"color: #000000;\"><span style=\"font-family: Calibri, serif;\"><span style=\"font-size: medium;\">Mit freundlichen Gr\u00fc\u00dfen<\/span><\/span><\/span><\/span><\/span><\/p>\n<p class=\"western\"><span style=\"font-family: Times New Roman, serif;\"><span style=\"font-size: small;\"><span style=\"color: #000000;\"><span style=\"font-family: Calibri, serif;\"><span style=\"font-size: medium;\">gez. Andrea Hosang<\/span><\/span><\/span><\/span><\/span><\/p>\n<p class=\"western\"><span style=\"font-family: Times New Roman, serif;\"><span style=\"font-size: small;\"><span style=\"color: #000000;\"><span style=\"font-family: Calibri, serif;\">Fraktionssprecherin<\/span><\/span><\/span><\/span><\/p>\n<p class=\"western\"><span style=\"font-family: Times New Roman, serif;\"><span style=\"font-size: small;\"><span style=\"color: #000000;\"><span style=\"font-family: Calibri, serif;\"><span style=\"font-size: medium;\">i.A. Dunja Schelter<\/span><\/span><\/span><\/span><\/span><\/p>\n<p class=\"western\"><span style=\"font-family: Times New Roman, serif;\"><span style=\"font-size: small;\"><span style=\"color: #000000;\"><span style=\"font-family: Calibri, serif;\">Fraktionsgesch\u00e4ftsf\u00fchrerin <\/span><\/span><\/span><\/span><\/p>\n","protected":false},"excerpt":{"rendered":"<p>&nbsp; Hier der vollst\u00e4ndige Antrag der Gr\u00fcnen Ratsfraktion : &nbsp; Ratssitzung 13.5.2020 \/ TOP \u201cSitzungen des Rates und seiner Aussch\u00fcsse im Zeitraum der Ausbreitung von Covid-19\u201c Sehr geehrter Herr B\u00fcrgermeister, [&hellip;]<\/p>\n","protected":false},"author":-1,"featured_media":1499,"comment_status":"open","ping_status":"open","sticky":false,"template":"","format":"standard","meta":{"ngg_post_thumbnail":0,"_jetpack_memberships_contains_paid_content":false,"footnotes":""},"categories":[15,3],"tags":[67,146,145,21],"class_list":["post-1498","post","type-post","status-publish","format-standard","has-post-thumbnail","hentry","category-anfragen-antraege","category-neu_rat","tag-antrag","tag-covid","tag-fraktion","tag-rat"],"jetpack_featured_media_url":"https:\/\/gruene-schwerte.de\/wp-content\/uploads\/2020\/04\/IMG_1645-scaled.jpg","jetpack_sharing_enabled":true,"_links":{"self":[{"href":"https:\/\/gruene-schwerte.de\/index.php\/wp-json\/wp\/v2\/posts\/1498","targetHints":{"allow":["GET"]}}],"collection":[{"href":"https:\/\/gruene-schwerte.de\/index.php\/wp-json\/wp\/v2\/posts"}],"about":[{"href":"https:\/\/gruene-schwerte.de\/index.php\/wp-json\/wp\/v2\/types\/post"}],"author":[{"embeddable":true,"href":"https:\/\/gruene-schwerte.de\/index.php\/wp-json\/wp\/v2\/users\/2"}],"replies":[{"embeddable":true,"href":"https:\/\/gruene-schwerte.de\/index.php\/wp-json\/wp\/v2\/comments?post=1498"}],"version-history":[{"count":1,"href":"https:\/\/gruene-schwerte.de\/index.php\/wp-json\/wp\/v2\/posts\/1498\/revisions"}],"predecessor-version":[{"id":1500,"href":"https:\/\/gruene-schwerte.de\/index.php\/wp-json\/wp\/v2\/posts\/1498\/revisions\/1500"}],"wp:featuredmedia":[{"embeddable":true,"href":"https:\/\/gruene-schwerte.de\/index.php\/wp-json\/wp\/v2\/media\/1499"}],"wp:attachment":[{"href":"https:\/\/gruene-schwerte.de\/index.php\/wp-json\/wp\/v2\/media?parent=1498"}],"wp:term":[{"taxonomy":"category","embeddable":true,"href":"https:\/\/gruene-schwerte.de\/index.php\/wp-json\/wp\/v2\/categories?post=1498"},{"taxonomy":"post_tag","embeddable":true,"href":"https:\/\/gruene-schwerte.de\/index.php\/wp-json\/wp\/v2\/tags?post=1498"}],"curies":[{"name":"wp","href":"https:\/\/api.w.org\/{rel}","templated":true}]}}