{"id":1456,"date":"2020-04-01T08:57:42","date_gmt":"2020-04-01T06:57:42","guid":{"rendered":"http:\/\/gruene-schwerte.de\/?p=1456"},"modified":"2020-04-01T10:50:03","modified_gmt":"2020-04-01T08:50:03","slug":"deutschland-naeht-fuer-maskeauf-wir-naehen-mit","status":"publish","type":"post","link":"https:\/\/gruene-schwerte.de\/index.php\/deutschland-naeht-fuer-maskeauf-wir-naehen-mit\/","title":{"rendered":"Deutschland n\u00e4ht f\u00fcr #Maskeauf &#8211; Wir n\u00e4hen mit!"},"content":{"rendered":"<p><img loading=\"lazy\" decoding=\"async\" class=\"aligncenter size-large wp-image-1458\" src=\"http:\/\/gruene-schwerte.de\/wp-content\/uploads\/2020\/04\/Maske2-675x1200.jpeg\" alt=\"\" width=\"675\" height=\"1200\" srcset=\"https:\/\/gruene-schwerte.de\/wp-content\/uploads\/2020\/04\/Maske2-675x1200.jpeg 675w, https:\/\/gruene-schwerte.de\/wp-content\/uploads\/2020\/04\/Maske2-338x600.jpeg 338w, https:\/\/gruene-schwerte.de\/wp-content\/uploads\/2020\/04\/Maske2-768x1365.jpeg 768w, https:\/\/gruene-schwerte.de\/wp-content\/uploads\/2020\/04\/Maske2-864x1536.jpeg 864w, https:\/\/gruene-schwerte.de\/wp-content\/uploads\/2020\/04\/Maske2-84x150.jpeg 84w, https:\/\/gruene-schwerte.de\/wp-content\/uploads\/2020\/04\/Maske2.jpeg 900w\" sizes=\"auto, (max-width: 675px) 100vw, 675px\" \/><\/p>\n<p><span style=\"font-weight: 400;\">Nachdem erst jetzt in vielen offiziellen Kreisen durchgesickert ist, dass ein Schutz f\u00fcr Mund und Nase zu den wirksamsten Mitteln z\u00e4hlt, sich und andere vor dem Corona-Virus zu sch\u00fctzen, braucht es dringend sehr viel mehr davon. Gleichwohl wird es irgendwann politisch notwendig sein, offizielle Stellen zu fragen, wie es mit der Vorbereitung auf die Pandemie gestanden hat.<\/span><\/p>\n<p>Auf Twitter gibt es mit #Maskeauf daf\u00fcr einen eigenen Hashtag. Zahlreiche Experten und Prominente propagieren jetzt \u00f6ffentlich, sich und andere noch besser in der \u00d6ffentlichkeit zu sch\u00fctzen. Es gilt immer dann darauf zu achten, wenn man in der N\u00e4he zu unbekannten Menschen ist, etwa beim Einkauf oder bei anderen notwendigen Erledigungen. Ganz klar: Wer in der freien Natur unterwegs ist, braucht keinen Schutz.<\/p>\n<p><strong>Wir n\u00e4hen mit!<\/strong><\/p>\n<p><span style=\"font-weight: 400;\">Seit Tagen n\u00e4hen nun schon Anja Reinert und Monika Rosenthal nach einer guten Anleitung den Behelfs-Schutz, und verteilen ihn. Mehr als 120 sind bisher an medizinisch t\u00e4tiges Personal \u00fcbergeben worden, weitere 50 St\u00fcck sind aktuell in Arbeit.<\/span><\/p>\n<p><span style=\"font-weight: 400;\">Ausgeliefert werden die Masken \u00fcbrigens mit \u201cGretel\u201d, unserem Lastenfahrrad, das sich pr\u00e4chtig f\u00fcr die Touren eignet.<\/span><\/p>\n<p><img loading=\"lazy\" decoding=\"async\" class=\"alignright size-thumbnail wp-image-1461\" src=\"http:\/\/gruene-schwerte.de\/wp-content\/uploads\/2020\/04\/gretel1-150x150.jpeg\" alt=\"\" width=\"150\" height=\"150\" \/><\/p>\n<p><span style=\"font-weight: 400;\"><strong>Zwei Dinge sind jetzt wichtig<\/strong><\/span><span style=\"font-weight: 400;\">:<\/span><\/p>\n<p><span style=\"font-weight: 400;\">Wer Material zur Herstellung der Schutzmasken spenden m\u00f6chte, kann sich gern bei uns melden.<\/span><\/p>\n<p><span style=\"font-weight: 400;\">Wer f\u00fcr diese gute Sache mit uns n\u00e4hen nach dieser Anleitung m\u00f6chte, kann sich ebenfalls gern an uns wenden. Am besten \u00fcber E-Mail an info@gruene.schwerte.de.<\/span><\/p>\n","protected":false},"excerpt":{"rendered":"<p>Nachdem erst jetzt in vielen offiziellen Kreisen durchgesickert ist, dass ein Schutz f\u00fcr Mund und Nase zu den wirksamsten Mitteln z\u00e4hlt, sich und andere vor dem Corona-Virus zu sch\u00fctzen, braucht [&hellip;]<\/p>\n","protected":false},"author":-1,"featured_media":1458,"comment_status":"open","ping_status":"open","sticky":false,"template":"","format":"standard","meta":{"ngg_post_thumbnail":0,"_jetpack_memberships_contains_paid_content":false,"footnotes":""},"categories":[1],"tags":[131,136,133,134,135,132],"class_list":["post-1456","post","type-post","status-publish","format-standard","has-post-thumbnail","hentry","category-neu_ort","tag-corona","tag-hilfe","tag-mund-nase-schutz","tag-naehanleitung","tag-naehen","tag-virus"],"jetpack_featured_media_url":"https:\/\/gruene-schwerte.de\/wp-content\/uploads\/2020\/04\/Maske2.jpeg","jetpack_sharing_enabled":true,"_links":{"self":[{"href":"https:\/\/gruene-schwerte.de\/index.php\/wp-json\/wp\/v2\/posts\/1456","targetHints":{"allow":["GET"]}}],"collection":[{"href":"https:\/\/gruene-schwerte.de\/index.php\/wp-json\/wp\/v2\/posts"}],"about":[{"href":"https:\/\/gruene-schwerte.de\/index.php\/wp-json\/wp\/v2\/types\/post"}],"author":[{"embeddable":true,"href":"https:\/\/gruene-schwerte.de\/index.php\/wp-json\/wp\/v2\/users\/2"}],"replies":[{"embeddable":true,"href":"https:\/\/gruene-schwerte.de\/index.php\/wp-json\/wp\/v2\/comments?post=1456"}],"version-history":[{"count":4,"href":"https:\/\/gruene-schwerte.de\/index.php\/wp-json\/wp\/v2\/posts\/1456\/revisions"}],"predecessor-version":[{"id":1466,"href":"https:\/\/gruene-schwerte.de\/index.php\/wp-json\/wp\/v2\/posts\/1456\/revisions\/1466"}],"wp:featuredmedia":[{"embeddable":true,"href":"https:\/\/gruene-schwerte.de\/index.php\/wp-json\/wp\/v2\/media\/1458"}],"wp:attachment":[{"href":"https:\/\/gruene-schwerte.de\/index.php\/wp-json\/wp\/v2\/media?parent=1456"}],"wp:term":[{"taxonomy":"category","embeddable":true,"href":"https:\/\/gruene-schwerte.de\/index.php\/wp-json\/wp\/v2\/categories?post=1456"},{"taxonomy":"post_tag","embeddable":true,"href":"https:\/\/gruene-schwerte.de\/index.php\/wp-json\/wp\/v2\/tags?post=1456"}],"curies":[{"name":"wp","href":"https:\/\/api.w.org\/{rel}","templated":true}]}}