{"id":1393,"date":"2020-02-06T06:55:24","date_gmt":"2020-02-06T05:55:24","guid":{"rendered":"http:\/\/gruene-schwerte.de\/index.php\/rat-28-1-2020-haushaltsrede-der-fraktion-die-gruenen\/"},"modified":"2020-02-06T06:55:24","modified_gmt":"2020-02-06T05:55:24","slug":"rat-28-1-2020-haushaltsrede-der-fraktion-die-gruenen","status":"publish","type":"post","link":"https:\/\/gruene-schwerte.de\/index.php\/rat-28-1-2020-haushaltsrede-der-fraktion-die-gruenen\/","title":{"rendered":"Rat \u00a028.1.2020 Haushaltsrede der Fraktion Die Gr\u00fcnen"},"content":{"rendered":"<p style=\"margin-top: 0px; margin-bottom: 0px; line-height: 21.600000381469727px; caret-color: rgb(0, 0, 0); color: rgb(0, 0, 0); font-family: -webkit-standard; font-size: 18px; font-style: normal; font-variant-caps: normal; font-weight: normal; letter-spacing: normal; orphans: auto; text-align: start; text-indent: 0px; text-transform: none; white-space: normal; widows: auto; word-spacing: 0px; -webkit-tap-highlight-color: rgba(26, 26, 26, 0.301961); -webkit-text-size-adjust: none; -webkit-text-stroke-width: 0px; text-decoration: none\"><span style=\"line-height: 21.600000381469727px\">Sehr geehrter Herr B\u00fcrgermeister,<br \/>\nsehr geehrte Kolleginnen und Kollegen im Rat, werte G\u00e4ste,<\/p>\n<p>Wir lehnen&nbsp;als gr\u00fcne Fraktion&nbsp;den Haushaltsentwurf der &nbsp;Verwaltung ab aus drei Gr\u00fcnden:<\/span><\/p>\n<div class=\"s6\" style=\"margin-top: 0px; margin-bottom: 0px; text-indent: -18px; margin-left: 36px; caret-color: rgb(0, 0, 0); color: rgb(0, 0, 0); font-family: -webkit-standard; font-size: 18px; font-style: normal; font-variant-caps: normal; font-weight: normal; letter-spacing: normal; orphans: auto; text-align: start; text-transform: none; white-space: normal; widows: auto; word-spacing: 0px; -webkit-tap-highlight-color: rgba(26, 26, 26, 0.301961); -webkit-text-size-adjust: none; -webkit-text-stroke-width: 0px; text-decoration: none\"><span class=\"s4\" style=\"line-height: 21.600000381469727px; font-family: Symbol\">\u2022<\/span><span class=\"s4\" style=\"line-height: 21.600000381469727px; font-family: Symbol\"><span class=\"Apple-converted-space\">&nbsp;<\/span><\/span><span class=\"s5\" style=\"line-height: 14.399999618530273px; font-size: 12px\"><span class=\"bumpedFont15\" style=\"line-height: 21.600000381469727px; font-size: 1.5em\">Er<\/span><\/span><span class=\"s5\" style=\"line-height: 14.399999618530273px; font-size: 12px\"><span class=\"bumpedFont15\" style=\"line-height: 21.600000381469727px; font-size: 1.5em\"><span class=\"Apple-converted-space\">&nbsp;<\/span><\/span><\/span><span class=\"s5\" style=\"line-height: 14.399999618530273px; font-size: 12px\"><span class=\"bumpedFont15\" style=\"line-height: 21.600000381469727px; font-size: 1.5em\">birgt<\/span><\/span><span class=\"s5\" style=\"line-height: 14.399999618530273px; font-size: 12px\"><span class=\"bumpedFont15\" style=\"line-height: 21.600000381469727px; font-size: 1.5em\"><span class=\"Apple-converted-space\">&nbsp;<\/span><\/span><\/span><span class=\"s5\" style=\"line-height: 14.399999618530273px; font-size: 12px\"><span class=\"bumpedFont15\" style=\"line-height: 21.600000381469727px; font-size: 1.5em\">mit Verweis auf den knappen geplanten \u00dcberschuss<\/span><\/span><span class=\"s5\" style=\"line-height: 14.399999618530273px; font-size: 12px\"><span class=\"bumpedFont15\" style=\"line-height: 21.600000381469727px; font-size: 1.5em\"><span class=\"Apple-converted-space\">&nbsp;<\/span><\/span><\/span><span class=\"s5\" style=\"line-height: 14.399999618530273px; font-size: 12px\"><span class=\"bumpedFont15\" style=\"line-height: 21.600000381469727px; font-size: 1.5em\">ein hohes Risiko.<\/span><\/span><\/div>\n<div class=\"s6\" style=\"margin-top: 0px; margin-bottom: 0px; text-indent: -18px; margin-left: 36px; caret-color: rgb(0, 0, 0); color: rgb(0, 0, 0); font-family: -webkit-standard; font-size: 18px; font-style: normal; font-variant-caps: normal; font-weight: normal; letter-spacing: normal; orphans: auto; text-align: start; text-transform: none; white-space: normal; widows: auto; word-spacing: 0px; -webkit-tap-highlight-color: rgba(26, 26, 26, 0.301961); -webkit-text-size-adjust: none; -webkit-text-stroke-width: 0px; text-decoration: none\"><span class=\"s4\" style=\"line-height: 21.600000381469727px; font-family: Symbol\">\u2022<\/span><span class=\"s4\" style=\"line-height: 21.600000381469727px; font-family: Symbol\"><span class=\"Apple-converted-space\">&nbsp;<\/span><\/span><span class=\"s5\" style=\"line-height: 14.399999618530273px; font-size: 12px\"><span class=\"bumpedFont15\" style=\"line-height: 21.600000381469727px; font-size: 1.5em\">Es werden teilweise \u2013 und mit erheblicher Auswirkung auf das Haushaltsergebnis \u2013 die falschen Priorit\u00e4ten gesetzt: Die Aufwendungen f\u00fcr die Sportarena Wandhofen und f\u00fcr das Verkehrsleitsystem sind in der geplanten H\u00f6he nicht ann\u00e4hernd zu vertreten.<\/span><\/span><span class=\"s5\" style=\"line-height: 14.399999618530273px; font-size: 12px\"><span class=\"bumpedFont15\" style=\"line-height: 21.600000381469727px; font-size: 1.5em\"><br \/>\n<\/span><\/span><span class=\"s5\" style=\"line-height: 14.399999618530273px; font-size: 12px\"><span class=\"bumpedFont15\" style=\"line-height: 21.600000381469727px; font-size: 1.5em\">Es kommt hinzu, dass die Reihenfolge, in der bestimmte priorit\u00e4re Ma\u00dfnahmen umgesetzt werden sollen, ebenfalls nicht zu vertreten ist: &nbsp;Die pflichtige Aufgabe \u201eSanierung der Theodor-Fleitmann-Gesamtschule\u201c &nbsp;muss Vorrang haben vor der freiwilligen Aufgabe \u201eSportarena Wandhofen\u201c.<\/span><\/span><\/div>\n<div class=\"s6\" style=\"margin-top: 0px; margin-bottom: 0px; text-indent: -18px; margin-left: 36px; caret-color: rgb(0, 0, 0); color: rgb(0, 0, 0); font-family: -webkit-standard; font-size: 18px; font-style: normal; font-variant-caps: normal; font-weight: normal; letter-spacing: normal; orphans: auto; text-align: start; text-transform: none; white-space: normal; widows: auto; word-spacing: 0px; -webkit-tap-highlight-color: rgba(26, 26, 26, 0.301961); -webkit-text-size-adjust: none; -webkit-text-stroke-width: 0px; text-decoration: none\"><span class=\"s4\" style=\"line-height: 21.600000381469727px; font-family: Symbol\">\u2022<\/span><span class=\"s4\" style=\"line-height: 21.600000381469727px; font-family: Symbol\"><span class=\"Apple-converted-space\">&nbsp;<\/span><\/span><span class=\"s5\" style=\"line-height: 14.399999618530273px; font-size: 12px\"><span class=\"bumpedFont15\" style=\"line-height: 21.600000381469727px; font-size: 1.5em\">Es werden gleichzeitig wichtige Bereiche der st\u00e4dtischen Daseinsvorsorge und der st\u00e4dtischen Pflichtaufgaben nicht angemessen eingeplant. Hier<\/span><\/span><span class=\"s5\" style=\"line-height: 14.399999618530273px; font-size: 12px\"><span class=\"bumpedFont15\" style=\"line-height: 21.600000381469727px; font-size: 1.5em\"><span class=\"Apple-converted-space\">&nbsp;<\/span><\/span><\/span><span class=\"s5\" style=\"line-height: 14.399999618530273px; font-size: 12px\"><span class=\"bumpedFont15\" style=\"line-height: 21.600000381469727px; font-size: 1.5em\">sind \u2013 nicht nur aus gr\u00fcner Sicht \u2013 zu nennen<\/span><\/span><span class=\"s5\" style=\"line-height: 14.399999618530273px; font-size: 12px\"><span class=\"bumpedFont15\" style=\"line-height: 21.600000381469727px; font-size: 1.5em\">: Klimawandel und Klimaanpassung, u.a. Aufwendungen f\u00fcr eine nachhaltige Mobilit\u00e4t<\/span><\/span><span class=\"s5\" style=\"line-height: 14.399999618530273px; font-size: 12px\"><span class=\"bumpedFont15\" style=\"line-height: 21.600000381469727px; font-size: 1.5em\">, f\u00fcr das Wildnisentwicklungsgebiet im Schwerter Wald, f\u00fcr mehr Gr\u00fcn insbesondere in der Innenstadt<\/span><\/span><span class=\"s5\" style=\"line-height: 14.399999618530273px; font-size: 12px\"><span class=\"bumpedFont15\" style=\"line-height: 21.600000381469727px; font-size: 1.5em\">.<\/span><\/span><\/div>\n<p class=\"s8\" style=\"margin-top: 0px; margin-bottom: 0px; line-height: 1.2; margin-left: 18px; caret-color: rgb(0, 0, 0); color: rgb(0, 0, 0); font-family: -webkit-standard; font-size: 18px; font-style: normal; font-variant-caps: normal; font-weight: normal; letter-spacing: normal; orphans: auto; text-align: start; text-indent: 0px; text-transform: none; white-space: normal; widows: auto; word-spacing: 0px; -webkit-tap-highlight-color: rgba(26, 26, 26, 0.301961); -webkit-text-size-adjust: none; -webkit-text-stroke-width: 0px; text-decoration: none\"><span style=\"line-height: 21.600000381469727px\">Was wir mit \u00dcberzeugung mittragen, sind die mittelfristigen Investitionen in die Pflichtaufgabe \u201eSchulen\u201c, auch wenn wir in diesem Bereich ebenfalls Kritik \u00e4u\u00dfern m\u00fcssen: &nbsp;Die Theodor-Fleitmann-Gesamtschule ist selbst im 4. Jahr nach ihrer Gr\u00fcndung im kommenden Haushalt zwar mit Planungsmitteln eingestellt; &nbsp;in der mittelfristigen Finanzplanung sind jedoch noch keine der absehbar erheblichen notwendigen &nbsp;Investitionen &nbsp;f\u00fcr diese Schule eingeplant.<\/span><span style=\"line-height: 21.600000381469727px\"><br \/>\n<\/span><span style=\"line-height: 21.600000381469727px\"><br \/>\n<\/span><span style=\"line-height: 21.600000381469727px\">Wir vermuten angesichts der zahlreichen Gespr\u00e4che der letzten Wochen, dass der von der Verwaltung vorgelegte Haushaltsentwurf in der heutigen Sitzung eine Mehrheit finden wird.<\/span><span style=\"line-height: 21.600000381469727px\"><span class=\"Apple-converted-space\">&nbsp;<\/span><\/span><span style=\"line-height: 21.600000381469727px\"><br \/>\n<\/span><span style=\"line-height: 21.600000381469727px\">Wir beantragen f\u00fcr die abschlie\u00dfende Abstimmung \u00fcber die Drucksache &nbsp; IX\/1037 5.Erg\u00e4nzung unter &nbsp;TO 5.5 getrennte Abstimmung \u00fcber die 4 einzelnen Beschlusss\u00e4tze, um unsere differenzierte Position zum Haushalt umsetzen zu k\u00f6nnen.<\/span><span style=\"line-height: 21.600000381469727px\"><br \/>\n<\/span><span style=\"line-height: 21.600000381469727px\"><br \/>\n<\/span><span style=\"line-height: 21.600000381469727px\">Ich will die o.g. Gr\u00fcnde f\u00fcr unsere Abl<\/span><span style=\"line-height: 21.600000381469727px\">ehnung des Haushaltsentwurfs mit Blick auf die Investitionsauftr\u00e4ge &nbsp;I20200054 &nbsp;und I20200055 (Neubau Sportplatz Wandhofen) &nbsp;sowie I20190007 &nbsp;(Verkehrsleitsystem)<\/span><span style=\"line-height: 21.600000381469727px\"><span class=\"Apple-converted-space\">&nbsp;<\/span><\/span><span style=\"line-height: 21.600000381469727px\">n\u00e4her erl\u00e4utern.<\/span><span style=\"line-height: 21.600000381469727px\"><span class=\"Apple-converted-space\">&nbsp;<\/span><\/span><span style=\"line-height: 21.600000381469727px\"><br \/>\n<\/span><span style=\"line-height: 21.600000381469727px\"><br \/>\n<\/span><span class=\"bumpedFont15\" style=\"line-height: 21.600000381469727px; font-size: 1.5em\"><span class=\"s7\" style=\"line-height: 14.399999618530273px; font-weight: bold; font-size: 12px\"><strong>Sportarena Wandhofen<\/strong><\/span><\/span><span class=\"bumpedFont15\" style=\"line-height: 21.600000381469727px; font-size: 1.5em\"><span class=\"s5\" style=\"line-height: 14.399999618530273px; font-size: 12px\"><br \/>\n<\/span><\/span><span style=\"line-height: 21.600000381469727px\">Die Grundsatzfragen, die bei dem Beschluss \u00fcber das st\u00e4dtische Gesamtkonzept Sch\u00fctzenhof in 11\/2018 aufgeworfen wurden, sind weiterhin ungekl\u00e4rt, auch die \u00fcber die finanziellen Auswirkungen der geplanten Investitionen und \u00fcber die finanzielle Beteiligung der beg\u00fcnstigten Sportvereine.<\/span><span style=\"line-height: 21.600000381469727px\"><br \/>\n<\/span><span style=\"line-height: 21.600000381469727px\">Die geplante Beachvolleyballanlage &nbsp;&#8211; unstrittig eine denkbare Bereicherung der st\u00e4dtischen Sportlandschaft. Wir w\u00e4ren dabei, wenn die st\u00e4dtischen Kassen voll w\u00e4ren. Sind sie aber nicht, und selbst f\u00fcr Pflichtaufgaben reicht es nicht &nbsp;&#8211; &nbsp;also sollten wir uns bei der Ausweitung im Bereich von freiwilligen Aufgaben zur\u00fcckhalten.<\/span><span style=\"line-height: 21.600000381469727px\"><span class=\"Apple-converted-space\">&nbsp;<\/span><\/span><span style=\"line-height: 21.600000381469727px\"><br \/>\n<\/span><span style=\"line-height: 21.600000381469727px\">Nebenbemerkung hierzu: Es ist durchaus ergebnisoffen zu diskutieren, ob der vorgesehene<\/span><span style=\"line-height: 21.600000381469727px\"><span class=\"Apple-converted-space\">&nbsp;<\/span><\/span><span style=\"line-height: 21.600000381469727px\">Fl\u00e4chenbedarf<\/span><span style=\"line-height: 21.600000381469727px\"><span class=\"Apple-converted-space\">&nbsp;<\/span><\/span><span style=\"line-height: 21.600000381469727px\">f\u00fcr eine Beachvolleyballanlage<\/span><span style=\"line-height: 21.600000381469727px\"><span class=\"Apple-converted-space\">&nbsp;<\/span><\/span><span style=\"line-height: 21.600000381469727px\">wie vorgesehen vorgehalten werden soll.<\/span><span style=\"line-height: 21.600000381469727px\"><br \/>\n<\/span><span style=\"line-height: 21.600000381469727px\">Die Anzahl &nbsp;der Parkpl\u00e4tze ist \u00fcberdimensioniert. Selbst beim Wechsel zwischen zwei Trainingszeiten auf beiden Pl\u00e4tzen ben\u00f6tigen insgesamt &nbsp;4 &nbsp;Mannschaften Platz im Umkleidebereich, da sind eher weniger als 80 Personen \u201ein Umlauf\u201c. Selbst wenn diese alle mit je eigenem Pkw anreisen w\u00fcrden, &nbsp;w\u00e4ren die Parkpl\u00e4tze bei weitem nicht belegt. Au\u00dferdem sollten wir diese nicht zukunftsf\u00e4hige Form von Mobilit\u00e4t nicht noch mit einem solchen Fl\u00e4chenangebot f\u00f6rdern.<\/span><\/p>\n<p class=\"s8\" style=\"margin-top: 0px; margin-bottom: 0px; line-height: 1.2; margin-left: 18px; caret-color: rgb(0, 0, 0); color: rgb(0, 0, 0); font-family: -webkit-standard; font-size: 18px; font-style: normal; font-variant-caps: normal; font-weight: normal; letter-spacing: normal; orphans: auto; text-align: start; text-indent: 0px; text-transform: none; white-space: normal; widows: auto; word-spacing: 0px; -webkit-tap-highlight-color: rgba(26, 26, 26, 0.301961); -webkit-text-size-adjust: none; -webkit-text-stroke-width: 0px; text-decoration: none\"><span style=\"line-height: 21.600000381469727px\">Der Leistungsumfang im Hochbau ist mehr als schwammig definiert: Wie viele Trib\u00fcnenpl\u00e4tze sind geplant? &nbsp;Welche Abmessungen haben die beiden R\u00e4ume \u201egro\u00dfer Vereinsraum\u201c und &nbsp;\u201egro\u00dfer Gruppenraum mit angrenzender Gastronomie\u201c? &nbsp;Welchen Nutzungszweck sollen sie erf\u00fcllen \u2013 f\u00fcr welche Nutzer? &nbsp;<\/span><span style=\"line-height: 21.600000381469727px\"><br \/>\n<\/span><span style=\"line-height: 21.600000381469727px\">Die Investitionsentscheidung \u00fcber 6 Millionen Euro beruht auf<\/span><span style=\"line-height: 21.600000381469727px\"><span class=\"Apple-converted-space\">&nbsp;<\/span><\/span><span style=\"line-height: 21.600000381469727px\">2 Powerpointpr\u00e4sentationen und den knappen Erl\u00e4uterungen im Interaktiven Haushalt IKVS. Darin finden sich Formulierungen wie<\/span><span style=\"line-height: 21.600000381469727px\"><br \/>\n<\/span><span style=\"line-height: 21.600000381469727px\">\u201e\u2026 Zuschauertrib\u00fcne mit zurzeit unbekannten Abmessungen beabsichtigt\u201c, \u201e\u2026 ausgestattet werden soll\u201c, &nbsp;\u201e\u2026 wird mit angedacht\u201c, &nbsp;\u201e \u2026 soll es geben\u201c. &nbsp;Als Grundlage einer solchen gro\u00dfen Investition ist das v\u00f6llig unzureichend.<\/span><span style=\"line-height: 21.600000381469727px\"><br \/>\n<\/span><span style=\"line-height: 21.600000381469727px\">Eine der Kernaufgaben des Rats, n\u00e4mlich die Kontrolle der st\u00e4dtischen Finanzen, kann auf dieser Grundlage nicht funktionieren. Lie\u00dfen wir den HH-Entwurf auf dieser mehr als<\/span><span style=\"line-height: 21.600000381469727px\"><span class=\"Apple-converted-space\">&nbsp;<\/span><\/span><span style=\"line-height: 21.600000381469727px\">d\u00fcnnen Grundlage passieren, sollten wir<\/span><span style=\"line-height: 21.600000381469727px\"><span class=\"Apple-converted-space\">&nbsp;<\/span><\/span><span style=\"line-height: 21.600000381469727px\">\u2013 jeder f\u00fcr sich \u2013 ernsthaft \u00fcberlegen,<\/span><span style=\"line-height: 21.600000381469727px\"><span class=\"Apple-converted-space\">&nbsp;<\/span><\/span><span style=\"line-height: 21.600000381469727px\">konsequenterweise unser Ratsmandat ab<\/span><span style=\"line-height: 21.600000381469727px\">zu<\/span><span style=\"line-height: 21.600000381469727px\">geben. Ich stelle mir nur eine entsprechende Nachfrage des Rechnungshofs vor \u2013 oder die denkbaren Nachfragen aus der B\u00fcrgerschaft, deren Vertreter wir alle sind.<\/span><span style=\"line-height: 21.600000381469727px\"><br \/>\n<\/span><span style=\"line-height: 21.600000381469727px\">Eine finanzielle Beteiligung der Vereine &nbsp;VfL Schwerte und TuS Wandhofen an der neuen Sportanlage ist trotz Nachfrage weiterhin nicht vorgesehen. Das widerspricht den Grunds\u00e4tzen der sparsamen HH-F\u00fchrung, es widerspricht der Praxis bezogen auf die Sportpl\u00e4tze &nbsp;<\/span><span style=\"line-height: 21.600000381469727px\">Geisecke<\/span><span style=\"line-height: 21.600000381469727px\"><span class=\"Apple-converted-space\">&nbsp;<\/span><\/span><span style=\"line-height: 21.600000381469727px\">und<\/span><span style=\"line-height: 21.600000381469727px\"><span class=\"Apple-converted-space\">&nbsp;<\/span><\/span><span style=\"line-height: 21.600000381469727px\">Ergste<\/span><span style=\"line-height: 21.600000381469727px\">. Dort hat es \u2013 f\u00fcr den gro\u00dfen Verein &nbsp;SV Eintracht<\/span><span style=\"line-height: 21.600000381469727px\"><span class=\"Apple-converted-space\">&nbsp;<\/span><\/span><span style=\"line-height: 21.600000381469727px\">Ergste<\/span><span style=\"line-height: 21.600000381469727px\"><span class=\"Apple-converted-space\">&nbsp;<\/span><\/span><span style=\"line-height: 21.600000381469727px\">\u2013 bei der Anlage der Kunstrasenfl\u00e4che eine finanzielle Beteiligung der Stadt in H\u00f6he von 141 T\u20ac gegeben, bei Gesamtkosten in H\u00f6he von 412 T\u20ac. Das bedeutet einen Eigenanteil des Vereins in H\u00f6he von fast 300 T\u20ac. &nbsp; Es widerspricht auch den Regelungen des g\u00fcltigen Nutzungsvertrages des VfL Schwerte \u00fcber die Sportanlage Sch\u00fctzenhof auf dem dortigen st\u00e4dtischen Grundst\u00fcck. Die Verwaltungsspitze nimmt in ihren Ausf\u00fchrungen zu diesem g\u00fcltigen Vertrag keinerlei Bezug.<\/span><span style=\"line-height: 21.600000381469727px\"><span class=\"Apple-converted-space\">&nbsp;<\/span><\/span><span style=\"line-height: 21.600000381469727px\"><br \/>\n<\/span><span style=\"line-height: 21.600000381469727px\"><br \/>\n<\/span><span style=\"line-height: 21.600000381469727px\">Das gesamte Vorhaben tr\u00e4gt &nbsp;angesichts des unklar definierten Leistungsumfangs und der unbekannten Aufwendungen f\u00fcr die Beseitigung der Altlasten unter der Sch\u00fctzenhoffl\u00e4che ein erhebliches Risiko f\u00fcr die folgenden st\u00e4dtischen Haushalte. &nbsp;Da ist angesichts der vielen anstehenden pflichtiger Aufgaben nicht zu vertreten, dass hier ein \u201eRundum-sorglos-Paket &nbsp;mit \u00dcberausstattung der nutznie\u00dfenden Vereine\u201c geschn\u00fcrt werden soll.<\/span><span style=\"line-height: 21.600000381469727px\"><span class=\"Apple-converted-space\">&nbsp;<\/span><\/span><span style=\"line-height: 21.600000381469727px\"><br \/>\n<\/span><\/p>\n<p class=\"s10\" style=\"margin-top: 0px; margin-bottom: 0px; line-height: 21.600000381469727px; margin-left: 18px; caret-color: rgb(0, 0, 0); color: rgb(0, 0, 0); font-family: -webkit-standard; font-size: 18px; font-style: normal; font-variant-caps: normal; font-weight: normal; letter-spacing: normal; orphans: auto; text-align: start; text-indent: 0px; text-transform: none; white-space: normal; widows: auto; word-spacing: 0px; -webkit-tap-highlight-color: rgba(26, 26, 26, 0.301961); -webkit-text-size-adjust: none; -webkit-text-stroke-width: 0px; text-decoration: none\"><span class=\"s7\" style=\"line-height: 14.399999618530273px; font-weight: bold; font-size: 12px\"><span class=\"bumpedFont15\" style=\"line-height: 21.600000381469727px; font-size: 1.5em\"><strong>Verkehrsleitsystem<\/strong><\/span><\/span><span class=\"s7\" style=\"line-height: 14.399999618530273px; font-weight: bold; font-size: 12px\"><span class=\"bumpedFont15\" style=\"line-height: 21.600000381469727px; font-size: 1.5em\"><strong><br \/>\n<\/strong><\/span><\/span><span style=\"line-height: 21.600000381469727px\">Die geplante Investi<\/span><span style=\"line-height: 21.600000381469727px\">tion in H\u00f6he von immerhin &nbsp;2 Millionen<\/span><span style=\"line-height: 21.600000381469727px\"><span class=\"Apple-converted-space\">&nbsp;<\/span><\/span><span style=\"line-height: 21.600000381469727px\">\u20ac weckt Erwartungen, die absehbar nicht eingel\u00f6st werden k\u00f6nnen. Sie lebt also insbesondere<\/span><span style=\"line-height: 21.600000381469727px\"><span class=\"Apple-converted-space\">&nbsp;<\/span><\/span><span style=\"line-height: 21.600000381469727px\">von dem Wunsch, \u201ees m\u00f6ge besser<\/span><span style=\"line-height: 21.600000381469727px\"><span class=\"Apple-converted-space\">&nbsp;<\/span><\/span><span style=\"line-height: 21.600000381469727px\">&nbsp;werden<\/span><span style=\"line-height: 21.600000381469727px\">\u201c<\/span><span style=\"line-height: 21.600000381469727px\">. Das seit Jahren zu beobachtende Verh\u00e4ltnis von Angebot an Stellpl\u00e4tzen und der Nachfrage danach l\u00e4sst vermuten, dass der Steuerungsspielraum \u2013 egal wie viel \u201eintelligente\u201c Steuerung eingesetzt wird \u2013 eher gering ist.<\/span><span style=\"line-height: 21.600000381469727px\"><span class=\"Apple-converted-space\">&nbsp;<\/span><\/span><span style=\"line-height: 21.600000381469727px\"><br \/>\n<\/span><span style=\"line-height: 21.600000381469727px\">Vielleicht liegt das Problem schlicht darin, dass zu viele Menschen Stellfl\u00e4che f\u00fcr ihr Auto in einer \u201ezu engen\u201c &nbsp;Stadt beanspruchen. &nbsp;Sollen wir die Innenstadt deswegen \u201eweiter\u201c machen? Welche Fl\u00e4chen sollten wir denn leerr\u00e4umen? &nbsp;Nicht einmal ein Wirkungsnachweis eines Verkehrsleitsystems liegt bisher vor. Daf\u00fcr w\u00e4re eine Verkehrssimulation durchaus ein Hilfsmittel \u2013 vor Entscheidung \u00fcber Investitionen in der genannten H\u00f6he. Ich m\u00f6chte erinnern<\/span><span style=\"line-height: 21.600000381469727px\"><span class=\"Apple-converted-space\">&nbsp;<\/span><\/span><span style=\"line-height: 21.600000381469727px\">an die<\/span><span style=\"line-height: 21.600000381469727px\"><span class=\"Apple-converted-space\">&nbsp;<\/span><\/span><span style=\"line-height: 21.600000381469727px\">entsprechenden Untersuchungen bei der Umgestaltung des Bahnhofsvorplatzes und die diesbez\u00fcgliche Verkehrssimulation der Kreuzung \u201eBahnhofsstra\u00dfe \u2013 Karl-Gerharts-Stra\u00dfe \u2013<\/span><span style=\"line-height: 21.600000381469727px\"><span class=\"Apple-converted-space\">&nbsp;<\/span><\/span><span style=\"line-height: 21.600000381469727px\">Holzener<\/span><span style=\"line-height: 21.600000381469727px\"><span class=\"Apple-converted-space\">&nbsp;<\/span><\/span><span style=\"line-height: 21.600000381469727px\">Weg\u201c. &nbsp;Trotz hohen Planungsaufwandes konnte hier nur eine mittlere \u201eVerkehrsfluss-<\/span><span style=\"line-height: 21.600000381469727px\">qualit\u00e4t<\/span><span style=\"line-height: 21.600000381469727px\">\u201c erreicht werden. Warum sollte das bei anderen ebenfalls hochgradig beanspruchten Knotenpunkten anders sein?<\/span><span style=\"line-height: 21.600000381469727px\"><br \/>\n<\/span><span style=\"line-height: 21.600000381469727px\">Diese<\/span><span style=\"line-height: 21.600000381469727px\"><span class=\"Apple-converted-space\">&nbsp;<\/span><\/span><span style=\"line-height: 21.600000381469727px\">Ma\u00dfnahme<\/span><span style=\"line-height: 21.600000381469727px\"><span class=\"Apple-converted-space\">&nbsp;<\/span><\/span><span style=\"line-height: 21.600000381469727px\">w\u00fcrde mit hohem finanziellem Aufwand<\/span><span style=\"line-height: 21.600000381469727px\"><span class=\"Apple-converted-space\">&nbsp;<\/span><\/span><span style=\"line-height: 21.600000381469727px\">die \u00fcber Jahre entstandene ungleiche Verteilung von Raum und Invest<\/span><span style=\"line-height: 21.600000381469727px\">ition<\/span><span style=\"line-height: 21.600000381469727px\">en<\/span><span style=\"line-height: 21.600000381469727px\"><span class=\"Apple-converted-space\">&nbsp;<\/span><\/span><span style=\"line-height: 21.600000381469727px\">&nbsp;zugunsten des<\/span><span style=\"line-height: 21.600000381469727px\"><span class=\"Apple-converted-space\">&nbsp;<\/span><\/span><span style=\"line-height: 21.600000381469727px\">motorisierten Individualverkehrs<\/span><span style=\"line-height: 21.600000381469727px\"><span class=\"Apple-converted-space\">&nbsp;<\/span><\/span><span style=\"line-height: 21.600000381469727px\">&nbsp;und damit untrennbar verbunden &nbsp;zulasten der anderen Verkehrsteilnehmer<\/span><span style=\"line-height: 21.600000381469727px\"><span class=\"Apple-converted-space\">&nbsp;<\/span><\/span><span style=\"line-height: 21.600000381469727px\">weiter zementieren<\/span><span style=\"line-height: 21.600000381469727px\">.<\/span><span style=\"line-height: 21.600000381469727px\"><span class=\"Apple-converted-space\">&nbsp;<\/span><\/span><span style=\"line-height: 21.600000381469727px\"><br \/>\n<\/span><span style=\"line-height: 21.600000381469727px\">Zum Vergleich sei genannt, dass die im Doppelhaushalt 2018\/19 vorgesehenen Investitionen von<\/span><span style=\"line-height: 21.600000381469727px\"><span class=\"Apple-converted-space\">&nbsp;<\/span><\/span><span style=\"line-height: 21.600000381469727px\">j\u00e4hrlich<\/span><span style=\"line-height: 21.600000381469727px\"><span class=\"Apple-converted-space\">&nbsp;<\/span><\/span><span style=\"line-height: 21.600000381469727px\">&nbsp;30 T\u20ac in Fahrradst\u00e4nder und Fahrradabstellanlagen bisher nicht umgesetzt worden sind.<\/span><span style=\"line-height: 21.600000381469727px\"><span class=\"Apple-converted-space\">&nbsp;<\/span><\/span><span style=\"line-height: 21.600000381469727px\"><br \/>\n<\/span><span style=\"line-height: 21.600000381469727px\">Soweit zur Gewichtung dieser beiden \u201eVerkehrstr\u00e4ger\u201c in Zeichen von Klimaschutz- und Mobilit\u00e4t<\/span><span style=\"line-height: 21.600000381469727px\">skonzept. Beide Konzepte sind<\/span><span style=\"line-height: 21.600000381469727px\"><span class=\"Apple-converted-space\">&nbsp;<\/span><\/span><span style=\"line-height: 21.600000381469727px\">beschlossene und weiterhin<\/span><span style=\"line-height: 21.600000381469727px\"><span class=\"Apple-converted-space\">&nbsp;<\/span><\/span><span style=\"line-height: 21.600000381469727px\">g\u00fcltige<\/span><span style=\"line-height: 21.600000381469727px\"><span class=\"Apple-converted-space\">&nbsp;<\/span><\/span><span style=\"line-height: 21.600000381469727px\">Pl\u00e4ne<\/span><span style=\"line-height: 21.600000381469727px\"><span class=\"Apple-converted-space\">&nbsp;<\/span><\/span><span style=\"line-height: 21.600000381469727px\">unserer Stadt<\/span><span style=\"line-height: 21.600000381469727px\">.<\/span><span style=\"line-height: 21.600000381469727px\"><br \/>\n<\/span><span class=\"s9\" style=\"line-height: 10.800000190734863px; font-size: 9px\"><span class=\"bumpedFont20\" style=\"line-height: 21.600000381469727px; font-size: 2em\"><br \/>\n<\/span><\/span><span style=\"line-height: 21.600000381469727px\">Ich fasse zusammen: &nbsp;Wir geben zu viel Geld aus, wir geben es z.T. an den falschen Stellen aus und<\/span><span style=\"line-height: 21.600000381469727px\"><span class=\"Apple-converted-space\">&nbsp;<\/span><\/span><span style=\"line-height: 21.600000381469727px\">wir<\/span><span style=\"line-height: 21.600000381469727px\"><span class=\"Apple-converted-space\">&nbsp;<\/span><\/span><span style=\"line-height: 21.600000381469727px\">vernachl\u00e4ssigen gleichzeitig wichtige Bereiche der st\u00e4dtischen Daseins- und Zukunftsvorsorge.<\/span><span style=\"line-height: 21.600000381469727px\"><span class=\"Apple-converted-space\">&nbsp;<\/span><\/span><span style=\"line-height: 21.600000381469727px\">In der Gesamtgewichtung dieser Argumente m\u00fcssen wir daher den vorgelegten Haushaltsentwurf ablehnen.<\/span><span style=\"line-height: 21.600000381469727px\"><br \/>\n<\/span><span style=\"line-height: 21.600000381469727px\"><br \/>\n<\/span><span style=\"line-height: 21.600000381469727px\">Ich danke f\u00fcr Ihre Aufmerksamkeit.<\/span><\/p>\n","protected":false},"excerpt":{"rendered":"<p>Sehr geehrter Herr B\u00fcrgermeister, sehr geehrte Kolleginnen und Kollegen im Rat, werte G\u00e4ste, Wir lehnen&nbsp;als gr\u00fcne Fraktion&nbsp;den Haushaltsentwurf der &nbsp;Verwaltung ab aus drei Gr\u00fcnden: \u2022&nbsp;Er&nbsp;birgt&nbsp;mit Verweis auf den knappen geplanten [&hellip;]<\/p>\n","protected":false},"author":-1,"featured_media":0,"comment_status":"open","ping_status":"open","sticky":false,"template":"","format":"standard","meta":{"ngg_post_thumbnail":0,"_jetpack_memberships_contains_paid_content":false,"footnotes":""},"categories":[3],"tags":[81,35,80,38,72],"class_list":["post-1393","post","type-post","status-publish","format-standard","hentry","category-neu_rat","tag-buergermeister","tag-haushalt","tag-haushalt-2020","tag-klima","tag-sportzentrum"],"jetpack_featured_media_url":"","jetpack_sharing_enabled":true,"_links":{"self":[{"href":"https:\/\/gruene-schwerte.de\/index.php\/wp-json\/wp\/v2\/posts\/1393","targetHints":{"allow":["GET"]}}],"collection":[{"href":"https:\/\/gruene-schwerte.de\/index.php\/wp-json\/wp\/v2\/posts"}],"about":[{"href":"https:\/\/gruene-schwerte.de\/index.php\/wp-json\/wp\/v2\/types\/post"}],"author":[{"embeddable":true,"href":"https:\/\/gruene-schwerte.de\/index.php\/wp-json\/wp\/v2\/users\/1"}],"replies":[{"embeddable":true,"href":"https:\/\/gruene-schwerte.de\/index.php\/wp-json\/wp\/v2\/comments?post=1393"}],"version-history":[{"count":0,"href":"https:\/\/gruene-schwerte.de\/index.php\/wp-json\/wp\/v2\/posts\/1393\/revisions"}],"wp:attachment":[{"href":"https:\/\/gruene-schwerte.de\/index.php\/wp-json\/wp\/v2\/media?parent=1393"}],"wp:term":[{"taxonomy":"category","embeddable":true,"href":"https:\/\/gruene-schwerte.de\/index.php\/wp-json\/wp\/v2\/categories?post=1393"},{"taxonomy":"post_tag","embeddable":true,"href":"https:\/\/gruene-schwerte.de\/index.php\/wp-json\/wp\/v2\/tags?post=1393"}],"curies":[{"name":"wp","href":"https:\/\/api.w.org\/{rel}","templated":true}]}}