{"id":13182,"date":"2026-03-11T16:06:11","date_gmt":"2026-03-11T15:06:11","guid":{"rendered":"https:\/\/gruene-schwerte.de\/?p=13182"},"modified":"2026-03-11T16:06:13","modified_gmt":"2026-03-11T15:06:13","slug":"bericht-aus-dem-rathaus-gruene-impulse-fuer-beteiligung-und-bildung","status":"publish","type":"post","link":"https:\/\/gruene-schwerte.de\/index.php\/bericht-aus-dem-rathaus-gruene-impulse-fuer-beteiligung-und-bildung\/","title":{"rendered":"Bericht aus dem Rathaus: Gr\u00fcne Impulse f\u00fcr Beteiligung und Bildung"},"content":{"rendered":"\n<h2 class=\"wp-block-heading\">Oder anders: Was macht unsere Fraktion eigentlich gerade?<\/h2>\n\n\n\n<p>Hinter uns liegt ein intensiver Sitzungslauf. In Zeiten knapper Kassen ist es oft ein z\u00e4hes Ringen um Priorit\u00e4ten. Doch genau hier hat sich auch die Wichtigkeit der Arbeit in den Gremien gezeigt. Es folgt eine kurze \u00dcbersicht \u00fcber einige unserer Anliegen im Schwerter Rathaus.<\/p>\n\n\n\n<p><strong>Ein gel\u00f6stes Wahlversprechen: Moderne Beteiligung<\/strong><\/p>\n\n\n\n<p>Ein Meilenstein dieses Sitzungslaufs ist die erfolgreiche Umsetzung eines unserer Wahlversprechen: die Schaffung von B\u00fcrger*innenr\u00e4ten als Teil einer moderneren Beteiligungskultur in Schwerte. In intensiven Verhandlungen ist es uns gelungen, die von der CDU-Fraktion urspr\u00fcnglich vorgeschlagene komplette Abschaffung der MitMachStadt zu verhindern. Gemeinsam mit der SPD haben wir eine zukunftsorientierte L\u00f6sung gefunden, die bei bedeutenden Vorhaben den Einsatz von B\u00fcrger*innenr\u00e4ten nach Vorbild von \u201emehr Demokratie e.V.\u201c vorsieht.<\/p>\n\n\n\n<p>Ein besonderer Erfolg unserer Fraktion war es dabei, dass wir nach dem ersten Beschluss noch einmal eine deutliche Erh\u00f6hung des Budgets f\u00fcr diese R\u00e4te durchsetzen konnten, um eine wirksame und qualitativ hochwertige B\u00fcrger*innenbeteiligung sicherzustellen. Damit gehen wir einen entscheidenden Schritt in Richtung einer lebendigen und inklusiven Stadtgesellschaft. Auch Formate wie ein erweitertes Sch\u00fcler*innenbudget und eigenst\u00e4ndige Stadtteilkonferenzen konnten wir finanziell absichern.<\/p>\n\n\n\n<p><strong>Schulsozialarbeit: Erfolg gegen den Sparkurs<\/strong><\/p>\n\n\n\n<p>Ebenso intensiv haben wir uns f\u00fcr die soziale Infrastruktur an unseren Schulen eingesetzt und dabei einen hart erk\u00e4mpften Kompromiss bei der Schulsozialarbeit erzielt. Obwohl der Rat im Vorjahr einstimmig einen Bedarf von sieben Stellen festgestellt hatte, sah der Haushaltsentwurf der Verwaltung zun\u00e4chst keinerlei Ber\u00fccksichtigung dieses Themas vor. Angesichts dieser Sparma\u00dfnahmen und der angespannten Haushaltslage mussten wir beharrliche \u00dcberzeugungsarbeit leisten, um gemeinsam mit den Fraktionen CDU und SPD zwei zus\u00e4tzliche Vollzeitstellen durchsetzen. Auch wenn wir damit einen deutlichen Kompromiss eingegangen sind, ist die dauerhafte Einplanung dieser Stellen ein wichtiger Sieg gegen den urspr\u00fcnglichen Plan. Auf diesen zwei Stellen werden wir es auch in Zukunft nicht beruhen lassen.<\/p>\n\n\n\n<p><strong>Einsatz f\u00fcr die Albert-Schweitzer-Schule (ASS)<\/strong><\/p>\n\n\n\n<p>Zuletzt lag ein besonderes Augenmerk unserer Arbeit auf der akuten Situation an der Albert-Schweitzer-Schule. Wir haben die Verwaltung durch mehrere gezielte Anfragen dazu gebracht, die Bearbeitung der dortigen Probleme mit der Raumluftbelastung so schnell wie m\u00f6glich voranzutreiben. In den Aussch\u00fcssen haben wir uns massiv f\u00fcr die Belange der Schule eingesetzt und eine l\u00fcckenlose Aufarbeitung gefordert. F\u00fcr uns steht au\u00dfer Frage, dass der Gesundheitssch\u00fctz der Sch\u00fcler*innen und des Lehrpersonals absolute Priorit\u00e4t haben muss und die notwendigen Sanierungsschritte keinen weiteren Aufschub zulassen. Wir werden die kommenden Schritte der Verwaltung hierzu weiterhin genaustens begleiten.<\/p>\n\n\n\n<p>Diese drei Themen zeigen nur einen Teil dessen, was uns in den letzten Wochen besch\u00e4ftigt hat, und die Arbeit geht nat\u00fcrlich auch jetzt an vielen Stellen weiter. Die n\u00e4chste Ratssitzung findet Ende April statt; im Anschluss werden wir euch nat\u00fcrlich wieder berichten, was wir dort f\u00fcr Schwerte erreichen konnten.<\/p>\n","protected":false},"excerpt":{"rendered":"<p>Oder anders: Was macht unsere Fraktion eigentlich gerade? Hinter uns liegt ein intensiver Sitzungslauf. In Zeiten knapper Kassen ist es oft ein z\u00e4hes Ringen um Priorit\u00e4ten. Doch genau hier hat [&hellip;]<\/p>\n","protected":false},"author":-1,"featured_media":13183,"comment_status":"open","ping_status":"open","sticky":false,"template":"","format":"standard","meta":{"ngg_post_thumbnail":0,"_jetpack_memberships_contains_paid_content":false,"footnotes":""},"categories":[3],"tags":[22,145,35,21,63,421,46],"class_list":["post-13182","post","type-post","status-publish","format-standard","has-post-thumbnail","hentry","category-neu_rat","tag-beteiligung","tag-fraktion","tag-haushalt","tag-rat","tag-schule","tag-schulsozialarbeit","tag-schwerte"],"jetpack_featured_media_url":"https:\/\/gruene-schwerte.de\/wp-content\/uploads\/2026\/03\/newspaper-hand-finger-write-news-973049.jpg","jetpack_sharing_enabled":true,"_links":{"self":[{"href":"https:\/\/gruene-schwerte.de\/index.php\/wp-json\/wp\/v2\/posts\/13182","targetHints":{"allow":["GET"]}}],"collection":[{"href":"https:\/\/gruene-schwerte.de\/index.php\/wp-json\/wp\/v2\/posts"}],"about":[{"href":"https:\/\/gruene-schwerte.de\/index.php\/wp-json\/wp\/v2\/types\/post"}],"author":[{"embeddable":true,"href":"https:\/\/gruene-schwerte.de\/index.php\/wp-json\/wp\/v2\/users\/10"}],"replies":[{"embeddable":true,"href":"https:\/\/gruene-schwerte.de\/index.php\/wp-json\/wp\/v2\/comments?post=13182"}],"version-history":[{"count":1,"href":"https:\/\/gruene-schwerte.de\/index.php\/wp-json\/wp\/v2\/posts\/13182\/revisions"}],"predecessor-version":[{"id":13184,"href":"https:\/\/gruene-schwerte.de\/index.php\/wp-json\/wp\/v2\/posts\/13182\/revisions\/13184"}],"wp:featuredmedia":[{"embeddable":true,"href":"https:\/\/gruene-schwerte.de\/index.php\/wp-json\/wp\/v2\/media\/13183"}],"wp:attachment":[{"href":"https:\/\/gruene-schwerte.de\/index.php\/wp-json\/wp\/v2\/media?parent=13182"}],"wp:term":[{"taxonomy":"category","embeddable":true,"href":"https:\/\/gruene-schwerte.de\/index.php\/wp-json\/wp\/v2\/categories?post=13182"},{"taxonomy":"post_tag","embeddable":true,"href":"https:\/\/gruene-schwerte.de\/index.php\/wp-json\/wp\/v2\/tags?post=13182"}],"curies":[{"name":"wp","href":"https:\/\/api.w.org\/{rel}","templated":true}]}}