{"id":12181,"date":"2025-06-11T16:16:51","date_gmt":"2025-06-11T14:16:51","guid":{"rendered":"https:\/\/gruene-schwerte.de\/?p=12181"},"modified":"2025-06-30T17:23:42","modified_gmt":"2025-06-30T15:23:42","slug":"gruene-beantragen-jubilaeumsbank-fuer-holzen-erinnerung-an-875-jahre-geschichte-und-50-jahre-eingemeindung","status":"publish","type":"post","link":"https:\/\/gruene-schwerte.de\/index.php\/gruene-beantragen-jubilaeumsbank-fuer-holzen-erinnerung-an-875-jahre-geschichte-und-50-jahre-eingemeindung\/","title":{"rendered":"Gr\u00fcne beantragen Jubil\u00e4umsbank f\u00fcr Holzen: Erinnerung an 875 Jahre Geschichte und 50 Jahre Eingemeindung"},"content":{"rendered":"\n<p>Die Fraktion der Gr\u00fcnen beantragt die Aufstellung einer besonderen Sitzbank im Ortsteil Holzen. Anlass sind das 875-j\u00e4hrige Jubil\u00e4um des Ortes und zugleich 50 Jahre seit der Trennung und Eingemeindung nach Dortmund. Die Bank soll gestalterisch beide Jubil\u00e4en aufgreifen und als bleibendes Erinnerungszeichen dienen.<\/p>\n\n\n\n<p>\u201eHolzen hat eine bewegte Geschichte, die es zu w\u00fcrdigen gilt\u201c, so Fraktionssprecher Bruno Heinz-Fischer<em>. \u201eDie Bank soll an zentraler Stelle zum Verweilen einladen und die Identit\u00e4t des Ortsteils st\u00e4rken.\u201c Der Antrag sieht vor, dass die Verwaltung das Projekt mit den Organisator<\/em>innen der Jubil\u00e4umsfeier abstimmt, um ein passendes Design zu entwickeln.<\/p>\n","protected":false},"excerpt":{"rendered":"<p>Die Fraktion der Gr\u00fcnen beantragt die Aufstellung einer besonderen Sitzbank im Ortsteil Holzen. Anlass sind das 875-j\u00e4hrige Jubil\u00e4um des Ortes und zugleich 50 Jahre seit der Trennung und Eingemeindung nach [&hellip;]<\/p>\n","protected":false},"author":-1,"featured_media":12182,"comment_status":"open","ping_status":"open","sticky":false,"template":"","format":"standard","meta":{"ngg_post_thumbnail":0,"_jetpack_memberships_contains_paid_content":false,"footnotes":""},"categories":[365,3],"tags":[67,145,21,46],"class_list":["post-12181","post","type-post","status-publish","format-standard","has-post-thumbnail","hentry","category-antraege","category-neu_rat","tag-antrag","tag-fraktion","tag-rat","tag-schwerte"],"jetpack_featured_media_url":"https:\/\/gruene-schwerte.de\/wp-content\/uploads\/2025\/06\/benches-autumn-park-rest-sit-560435.jpg","jetpack_sharing_enabled":true,"_links":{"self":[{"href":"https:\/\/gruene-schwerte.de\/index.php\/wp-json\/wp\/v2\/posts\/12181","targetHints":{"allow":["GET"]}}],"collection":[{"href":"https:\/\/gruene-schwerte.de\/index.php\/wp-json\/wp\/v2\/posts"}],"about":[{"href":"https:\/\/gruene-schwerte.de\/index.php\/wp-json\/wp\/v2\/types\/post"}],"author":[{"embeddable":true,"href":"https:\/\/gruene-schwerte.de\/index.php\/wp-json\/wp\/v2\/users\/10"}],"replies":[{"embeddable":true,"href":"https:\/\/gruene-schwerte.de\/index.php\/wp-json\/wp\/v2\/comments?post=12181"}],"version-history":[{"count":1,"href":"https:\/\/gruene-schwerte.de\/index.php\/wp-json\/wp\/v2\/posts\/12181\/revisions"}],"predecessor-version":[{"id":12183,"href":"https:\/\/gruene-schwerte.de\/index.php\/wp-json\/wp\/v2\/posts\/12181\/revisions\/12183"}],"wp:featuredmedia":[{"embeddable":true,"href":"https:\/\/gruene-schwerte.de\/index.php\/wp-json\/wp\/v2\/media\/12182"}],"wp:attachment":[{"href":"https:\/\/gruene-schwerte.de\/index.php\/wp-json\/wp\/v2\/media?parent=12181"}],"wp:term":[{"taxonomy":"category","embeddable":true,"href":"https:\/\/gruene-schwerte.de\/index.php\/wp-json\/wp\/v2\/categories?post=12181"},{"taxonomy":"post_tag","embeddable":true,"href":"https:\/\/gruene-schwerte.de\/index.php\/wp-json\/wp\/v2\/tags?post=12181"}],"curies":[{"name":"wp","href":"https:\/\/api.w.org\/{rel}","templated":true}]}}