{"id":12089,"date":"2025-06-09T17:13:07","date_gmt":"2025-06-09T15:13:07","guid":{"rendered":"https:\/\/gruene-schwerte.de\/?p=12089"},"modified":"2025-06-30T21:39:06","modified_gmt":"2025-06-30T19:39:06","slug":"schwerter-gruene-setzen-sich-fuer-mehr-buergerbeteiligung-bei-stadtparkumgestaltung-ein","status":"publish","type":"post","link":"https:\/\/gruene-schwerte.de\/index.php\/schwerter-gruene-setzen-sich-fuer-mehr-buergerbeteiligung-bei-stadtparkumgestaltung-ein\/","title":{"rendered":"Antrag f\u00fcr mehr B\u00fcrgerbeteiligung bei Stadtparkumgestaltung"},"content":{"rendered":"\n<p>Die Gr\u00fcnen-Fraktion hat f\u00fcr die Sitzung des Ausschusses f\u00fcr Planen, Bauen und Wohnen am 11. Juni eine erweiterte B\u00fcrgerbeteiligung bei der Umgestaltung des Schwerter Stadtparks beantragt.<\/p>\n\n\n\n<p>\u00dcber die Plattform \u201eMitmachStadt Schwerte\u201c sollen Anwohner*innen in einem festgelegten Zeitraum Vorschl\u00e4ge zu Nutzung, Ausstattung und Gestaltung des Parks einreichen k\u00f6nnen.<\/p>\n\n\n\n<p>\u201eEine breite B\u00fcrgerbeteiligung f\u00fchrt zu b\u00fcrgernahen und realistischen L\u00f6sungen\u201c, begr\u00fcndet die Fraktion ihren Antrag. \u201eSo flie\u00dfen lokales Wissen und kreative Ideen direkt in die Planung ein \u2013 das spart Kosten und erh\u00f6ht die Akzeptanz.\u201c<\/p>\n\n\n\n<p>Die Verwaltung soll auf Basis der gesammelten Anregungen einen konkreten Entwurf f\u00fcr Bauma\u00dfnahmen erarbeiten und dem Ausschuss zur Beschlussfassung vorlegen. Die Gr\u00fcnen betonen, dass fr\u00fchzeitige Beteiligung sp\u00e4tere Konflikte vermeidet und das Vertrauen in kommunale Prozesse st\u00e4rkt.<\/p>\n","protected":false},"excerpt":{"rendered":"<p>Die Gr\u00fcnen-Fraktion hat f\u00fcr die Sitzung des Ausschusses f\u00fcr Planen, Bauen und Wohnen am 11. Juni eine erweiterte B\u00fcrgerbeteiligung bei der Umgestaltung des Schwerter Stadtparks beantragt. \u00dcber die Plattform \u201eMitmachStadt [&hellip;]<\/p>\n","protected":false},"author":-1,"featured_media":12348,"comment_status":"open","ping_status":"open","sticky":false,"template":"","format":"standard","meta":{"ngg_post_thumbnail":0,"_jetpack_memberships_contains_paid_content":false,"footnotes":""},"categories":[365,15,448,3],"tags":[],"class_list":["post-12089","post","type-post","status-publish","format-standard","has-post-thumbnail","hentry","category-antraege","category-anfragen-antraege","category-aa_stadtentwicklung","category-neu_rat"],"jetpack_featured_media_url":"https:\/\/gruene-schwerte.de\/wp-content\/uploads\/2025\/06\/IMG_7956-scaled.jpg","jetpack_sharing_enabled":true,"_links":{"self":[{"href":"https:\/\/gruene-schwerte.de\/index.php\/wp-json\/wp\/v2\/posts\/12089","targetHints":{"allow":["GET"]}}],"collection":[{"href":"https:\/\/gruene-schwerte.de\/index.php\/wp-json\/wp\/v2\/posts"}],"about":[{"href":"https:\/\/gruene-schwerte.de\/index.php\/wp-json\/wp\/v2\/types\/post"}],"author":[{"embeddable":true,"href":"https:\/\/gruene-schwerte.de\/index.php\/wp-json\/wp\/v2\/users\/10"}],"replies":[{"embeddable":true,"href":"https:\/\/gruene-schwerte.de\/index.php\/wp-json\/wp\/v2\/comments?post=12089"}],"version-history":[{"count":2,"href":"https:\/\/gruene-schwerte.de\/index.php\/wp-json\/wp\/v2\/posts\/12089\/revisions"}],"predecessor-version":[{"id":12098,"href":"https:\/\/gruene-schwerte.de\/index.php\/wp-json\/wp\/v2\/posts\/12089\/revisions\/12098"}],"wp:featuredmedia":[{"embeddable":true,"href":"https:\/\/gruene-schwerte.de\/index.php\/wp-json\/wp\/v2\/media\/12348"}],"wp:attachment":[{"href":"https:\/\/gruene-schwerte.de\/index.php\/wp-json\/wp\/v2\/media?parent=12089"}],"wp:term":[{"taxonomy":"category","embeddable":true,"href":"https:\/\/gruene-schwerte.de\/index.php\/wp-json\/wp\/v2\/categories?post=12089"},{"taxonomy":"post_tag","embeddable":true,"href":"https:\/\/gruene-schwerte.de\/index.php\/wp-json\/wp\/v2\/tags?post=12089"}],"curies":[{"name":"wp","href":"https:\/\/api.w.org\/{rel}","templated":true}]}}