{"id":12086,"date":"2025-06-10T16:21:00","date_gmt":"2025-06-10T14:21:00","guid":{"rendered":"https:\/\/gruene-schwerte.de\/?p=12086"},"modified":"2025-06-16T17:49:18","modified_gmt":"2025-06-16T15:49:18","slug":"schwerter-gruene-fordern-groessere-schulhoferweiterung-an-der-friedrich-kayser-schule","status":"publish","type":"post","link":"https:\/\/gruene-schwerte.de\/index.php\/schwerter-gruene-fordern-groessere-schulhoferweiterung-an-der-friedrich-kayser-schule\/","title":{"rendered":"Friedrich-Kayser-Schule braucht gr\u00f6\u00dfere Schulhoferweiterung"},"content":{"rendered":"\n<p>Die Gr\u00fcnen-Fraktion im Schwerter Stadtrat sieht den aktuellen Verwaltungsvorschlag zur Schulhoferweiterung an der Friedrich-Kayser-Schule als unzureichend an. F\u00fcr die Sitzung des Ausschusses f\u00fcr Planen, Bauen und Wohnen am 11. Juni 2025 haben sie einen \u00c4nderungsantrag eingereicht, der eine deutliche Vergr\u00f6\u00dferung der Fl\u00e4che fordert: Nicht nur w\u00e4hrend der Bauphase, sondern dauerhaft.<\/p>\n\n\n\n<p>Konkret soll der Schulhof zus\u00e4tzlich zum bereits geplanten Bereich auch im \u00f6stlichen Teil des Stadtparks erweitert werden. Dabei m\u00fcssten Baumbestand und Parkgestaltung ber\u00fccksichtigt werden, und der selten genutzte Tiefgaragen-Notausgang im Bereich des Schulhofs soll in die Planung einbezogen werden. Langfristig soll der Schulhof auch bei der anstehenden Stadtparkumgestaltung mitgedacht werden.<\/p>\n\n\n\n<p>\u201eDer aktuelle Vorschlag der Verwaltung geht in die richtige Richtung, aber er reicht nicht aus\u201c, kritisiert die Gr\u00fcnen-Fraktion. \u201eDer Schulhof ist jetzt schon zu klein, und auch mit den geplanten Ma\u00dfnahmen w\u00fcrde das Problem nur halbherzig gel\u00f6st. Die Kinder brauchen dauerhaft mehr Platz \u2013 da darf sich die Stadt nicht mit Minimal-L\u00f6sungen zufriedengeben.\u201c<\/p>\n\n\n\n<p><\/p>\n","protected":false},"excerpt":{"rendered":"<p>Die Gr\u00fcnen-Fraktion im Schwerter Stadtrat sieht den aktuellen Verwaltungsvorschlag zur Schulhoferweiterung an der Friedrich-Kayser-Schule als unzureichend an. F\u00fcr die Sitzung des Ausschusses f\u00fcr Planen, Bauen und Wohnen am 11. Juni [&hellip;]<\/p>\n","protected":false},"author":-1,"featured_media":12087,"comment_status":"open","ping_status":"open","sticky":false,"template":"","format":"standard","meta":{"ngg_post_thumbnail":0,"_jetpack_memberships_contains_paid_content":false,"footnotes":""},"categories":[365,15,451,448,11,3],"tags":[],"class_list":["post-12086","post","type-post","status-publish","format-standard","has-post-thumbnail","hentry","category-antraege","category-anfragen-antraege","category-aa_schule","category-aa_stadtentwicklung","category-neuigkeiten-von-der-kommunalwahl","category-neu_rat"],"jetpack_featured_media_url":"https:\/\/gruene-schwerte.de\/wp-content\/uploads\/2025\/06\/WhatsApp-Image-2025-06-16-at-16.33.03-scaled.jpeg","jetpack_sharing_enabled":true,"_links":{"self":[{"href":"https:\/\/gruene-schwerte.de\/index.php\/wp-json\/wp\/v2\/posts\/12086","targetHints":{"allow":["GET"]}}],"collection":[{"href":"https:\/\/gruene-schwerte.de\/index.php\/wp-json\/wp\/v2\/posts"}],"about":[{"href":"https:\/\/gruene-schwerte.de\/index.php\/wp-json\/wp\/v2\/types\/post"}],"author":[{"embeddable":true,"href":"https:\/\/gruene-schwerte.de\/index.php\/wp-json\/wp\/v2\/users\/10"}],"replies":[{"embeddable":true,"href":"https:\/\/gruene-schwerte.de\/index.php\/wp-json\/wp\/v2\/comments?post=12086"}],"version-history":[{"count":2,"href":"https:\/\/gruene-schwerte.de\/index.php\/wp-json\/wp\/v2\/posts\/12086\/revisions"}],"predecessor-version":[{"id":12099,"href":"https:\/\/gruene-schwerte.de\/index.php\/wp-json\/wp\/v2\/posts\/12086\/revisions\/12099"}],"wp:featuredmedia":[{"embeddable":true,"href":"https:\/\/gruene-schwerte.de\/index.php\/wp-json\/wp\/v2\/media\/12087"}],"wp:attachment":[{"href":"https:\/\/gruene-schwerte.de\/index.php\/wp-json\/wp\/v2\/media?parent=12086"}],"wp:term":[{"taxonomy":"category","embeddable":true,"href":"https:\/\/gruene-schwerte.de\/index.php\/wp-json\/wp\/v2\/categories?post=12086"},{"taxonomy":"post_tag","embeddable":true,"href":"https:\/\/gruene-schwerte.de\/index.php\/wp-json\/wp\/v2\/tags?post=12086"}],"curies":[{"name":"wp","href":"https:\/\/api.w.org\/{rel}","templated":true}]}}