{"id":11348,"date":"2025-04-10T15:11:11","date_gmt":"2025-04-10T13:11:11","guid":{"rendered":"https:\/\/gruene-schwerte.de\/?p=11348"},"modified":"2025-04-14T15:44:41","modified_gmt":"2025-04-14T13:44:41","slug":"integration-statt-ausgrenzung-gruene-begruessen-ratsbeschluss-gegen-bezahlkarte","status":"publish","type":"post","link":"https:\/\/gruene-schwerte.de\/index.php\/integration-statt-ausgrenzung-gruene-begruessen-ratsbeschluss-gegen-bezahlkarte\/","title":{"rendered":"Integration statt Ausgrenzung: Gr\u00fcne begr\u00fc\u00dfen Ratsbeschluss gegen Bezahlkarte"},"content":{"rendered":"\n<p>Der Rat der Stadt Schwerte hat sich in seiner j\u00fcngsten Sitzung mit gro\u00dfer Mehrheit daf\u00fcr entschieden, von der sogenannten Opt-out-Regelung des Landes NRW Gebrauch zu machen und damit die Einf\u00fchrung einer diskriminierenden Bezahlkarte f\u00fcr Gefl\u00fcchtete abzulehnen. Diese Entscheidung kn\u00fcpft an einen bereits im vergangenen Jahr im Stadtrat ge\u00e4u\u00dferten Willen an, der nun rechtsverbindlich bekr\u00e4ftigt wurde.<br><br>Die Gr\u00fcne Ratsfraktion begr\u00fc\u00dft die Entscheidung des Rates ausdr\u00fccklich. Aus ihrer Sicht leistet die Bezahlkarte keinen Beitrag zur Integration Gefl\u00fcchteter und stellt zugleich eine zus\u00e4tzliche Belastung f\u00fcr die Verwaltung dar. Die vielfach angef\u00fchrte Behauptung, Auslands\u00fcberweisungen w\u00fcrden in gro\u00dfem Stil missbr\u00e4uchlich erfolgen, entbehrt jeder belastbaren Grundlage. <br><br>Weder das Bundesfinanzministerium noch unabh\u00e4ngige Expert*innen konnten entsprechende Daten vorlegen, die diese Annahme st\u00fctzen w\u00fcrden. Die Gr\u00fcnen sehen in solchen unbelegten Narrativen den Versuch, Stimmung gegen Schutzsuchende zu machen.<br><br>\u201eDie Bezahlkarte schafft keine Probleme aus der Welt \u2013 sie schafft neue\u201c, erkl\u00e4rt Fraktionssprecher Marco Sorg. \u201eWeder vereinfacht sie Verwaltungsabl\u00e4ufe, noch f\u00f6rdert sie Integration. Es entstehen neue b\u00fcrokratische H\u00fcrden, und Menschen werden unter Generalverdacht gestellt.\u201c<br><br>Auch die Berichte aus Verwaltung und Fachaussch\u00fcssen zeigen, dass die Pr\u00fcfung der Einf\u00fchrung der Bezahlkarte zus\u00e4tzliche personelle und finanzielle Ressourcen bindet. Der erhoffte Entlastungseffekt bleibt dabei aus.<br><br>Zivilgesellschaftliche Akteure, darunter Wohlfahrtsverb\u00e4nde, Fl\u00fcchtlingsinitiativen, Kirchen, Gewerkschaften und Forscher*innen, haben die Bezahlkarte wiederholt als integrationshemmend und stigmatisierend kritisiert. Die Gr\u00fcnen in Schwerte schlie\u00dfen sich dieser Einsch\u00e4tzung an und begr\u00fc\u00dfen die klare Entscheidung des Rates, auf Vorschlag der Verwaltung die Einf\u00fchrung in Schwerte nicht umzusetzen.<\/p>\n\n\n\n<p><\/p>\n","protected":false},"excerpt":{"rendered":"<p>Der Rat der Stadt Schwerte hat sich in seiner j\u00fcngsten Sitzung mit gro\u00dfer Mehrheit daf\u00fcr entschieden, von der sogenannten Opt-out-Regelung des Landes NRW Gebrauch zu machen und damit die Einf\u00fchrung [&hellip;]<\/p>\n","protected":false},"author":-1,"featured_media":8209,"comment_status":"open","ping_status":"open","sticky":false,"template":"","format":"standard","meta":{"ngg_post_thumbnail":0,"_jetpack_memberships_contains_paid_content":false,"footnotes":""},"categories":[365,15,457,3],"tags":[67,145,21,46],"class_list":["post-11348","post","type-post","status-publish","format-standard","has-post-thumbnail","hentry","category-antraege","category-anfragen-antraege","category-aa_flucht","category-neu_rat","tag-antrag","tag-fraktion","tag-rat","tag-schwerte"],"jetpack_featured_media_url":"https:\/\/gruene-schwerte.de\/wp-content\/uploads\/2024\/02\/2024_02_Bezahlkarte_Website.jpg","jetpack_sharing_enabled":true,"_links":{"self":[{"href":"https:\/\/gruene-schwerte.de\/index.php\/wp-json\/wp\/v2\/posts\/11348","targetHints":{"allow":["GET"]}}],"collection":[{"href":"https:\/\/gruene-schwerte.de\/index.php\/wp-json\/wp\/v2\/posts"}],"about":[{"href":"https:\/\/gruene-schwerte.de\/index.php\/wp-json\/wp\/v2\/types\/post"}],"author":[{"embeddable":true,"href":"https:\/\/gruene-schwerte.de\/index.php\/wp-json\/wp\/v2\/users\/10"}],"replies":[{"embeddable":true,"href":"https:\/\/gruene-schwerte.de\/index.php\/wp-json\/wp\/v2\/comments?post=11348"}],"version-history":[{"count":4,"href":"https:\/\/gruene-schwerte.de\/index.php\/wp-json\/wp\/v2\/posts\/11348\/revisions"}],"predecessor-version":[{"id":11354,"href":"https:\/\/gruene-schwerte.de\/index.php\/wp-json\/wp\/v2\/posts\/11348\/revisions\/11354"}],"wp:featuredmedia":[{"embeddable":true,"href":"https:\/\/gruene-schwerte.de\/index.php\/wp-json\/wp\/v2\/media\/8209"}],"wp:attachment":[{"href":"https:\/\/gruene-schwerte.de\/index.php\/wp-json\/wp\/v2\/media?parent=11348"}],"wp:term":[{"taxonomy":"category","embeddable":true,"href":"https:\/\/gruene-schwerte.de\/index.php\/wp-json\/wp\/v2\/categories?post=11348"},{"taxonomy":"post_tag","embeddable":true,"href":"https:\/\/gruene-schwerte.de\/index.php\/wp-json\/wp\/v2\/tags?post=11348"}],"curies":[{"name":"wp","href":"https:\/\/api.w.org\/{rel}","templated":true}]}}